{"id":4367,"date":"2025-08-11T15:00:16","date_gmt":"2025-08-11T13:00:16","guid":{"rendered":"https:\/\/ilsovranista.com\/?p=4367"},"modified":"2025-08-11T15:00:42","modified_gmt":"2025-08-11T13:00:42","slug":"ceccardini-lega-il-burkini-non-e-liberta-ma-sottomissione-travestita-da-tradizione","status":"publish","type":"post","link":"https:\/\/ilsovranista.com\/?p=4367","title":{"rendered":"Ceccardi (Lega): &#8220;Il burkini non \u00e8 libert\u00e0 ma sottomissione travestita da tradizione&#8221;"},"content":{"rendered":"<div>In Italia la donna \u00e8 libera e e deve restarlo\u00bb. Lo dichiarano l\u2019europarlamentare toscana della Lega <strong>Susanna Ceccardi<\/strong> e il segretario provinciale della Lega di Massa-Carrara <strong>Andrea<\/strong> <strong>Tosi,<\/strong> dopo la sfilata in burkini organizzata durante il Teranga Festival.<\/div>\n<div>\u00abNon si tratta di un semplice costume &#8211; spiega Tosi &#8211; ma di un indumento che in molte parti del mondo \u00e8 imposto come segno di sottomissione. L\u2019integrazione si costruisce sulla parit\u00e0 e sulla libert\u00e0 di scelta, non sulla normalizzazione di simboli che altrove significano divieti e discriminazioni. Dobbiamo difendere i nostri valori occidentali, che sono garanzia di libert\u00e0 per tutti, e combattere chi vorrebbe indebolirli. La donna qui \u00e8 libera, senza condizionamenti culturali o religiosi, e cos\u00ec deve rimanere.\u00bb<\/div>\n<div>Aggiunge Ceccardi: \u00abIl burkini non \u00e8 moda, come qualcuno vorrebbe far credere, ma il manifesto di un\u2019idea di societ\u00e0 in cui la donna \u00e8 nascosta e subordinata. Chi viene in Italia deve sapere che la nostra libert\u00e0 non si baratta: non ci si copre per obbligo n\u00e8 si traveste la sottomissione da tradizione. La vera integrazione non \u00e8 adattarsi ai divieti altrui ma affermare i nostri diritti, conquistati in secoli di battaglie. Difendere i valori occidentali, a Carrara come a Bruxelles, significa proteggere anche quelle donne che scappano da regimi e culture oppressive.\u00bb<\/div>\n","protected":false},"excerpt":{"rendered":"<p>In Italia la donna \u00e8 libera e e deve restarlo\u00bb. Lo dichiarano l\u2019europarlamentare toscana della Lega Susanna Ceccardi e il segretario provinciale della Lega di Massa-Carrara Andrea Tosi, dopo la sfilata in burkini organizzata durante il Teranga Festival. \u00abNon si tratta di un semplice costume &#8211; spiega Tosi &#8211; ma di un indumento che in [&hellip;]<\/p>\n","protected":false},"author":3,"featured_media":4368,"comment_status":"open","ping_status":"closed","sticky":false,"template":"","format":"standard","meta":{"om_disable_all_campaigns":false,"_monsterinsights_skip_tracking":false,"_monsterinsights_sitenote_active":false,"_monsterinsights_sitenote_note":"","_monsterinsights_sitenote_category":0,"_uf_show_specific_survey":0,"_uf_disable_surveys":false,"footnotes":""},"categories":[33],"tags":[],"class_list":{"0":"post-4367","1":"post","2":"type-post","3":"status-publish","4":"format-standard","5":"has-post-thumbnail","7":"category-politica"},"aioseo_notices":[],"_links":{"self":[{"href":"https:\/\/ilsovranista.com\/index.php?rest_route=\/wp\/v2\/posts\/4367","targetHints":{"allow":["GET"]}}],"collection":[{"href":"https:\/\/ilsovranista.com\/index.php?rest_route=\/wp\/v2\/posts"}],"about":[{"href":"https:\/\/ilsovranista.com\/index.php?rest_route=\/wp\/v2\/types\/post"}],"author":[{"embeddable":true,"href":"https:\/\/ilsovranista.com\/index.php?rest_route=\/wp\/v2\/users\/3"}],"replies":[{"embeddable":true,"href":"https:\/\/ilsovranista.com\/index.php?rest_route=%2Fwp%2Fv2%2Fcomments&post=4367"}],"version-history":[{"count":2,"href":"https:\/\/ilsovranista.com\/index.php?rest_route=\/wp\/v2\/posts\/4367\/revisions"}],"predecessor-version":[{"id":4370,"href":"https:\/\/ilsovranista.com\/index.php?rest_route=\/wp\/v2\/posts\/4367\/revisions\/4370"}],"wp:featuredmedia":[{"embeddable":true,"href":"https:\/\/ilsovranista.com\/index.php?rest_route=\/wp\/v2\/media\/4368"}],"wp:attachment":[{"href":"https:\/\/ilsovranista.com\/index.php?rest_route=%2Fwp%2Fv2%2Fmedia&parent=4367"}],"wp:term":[{"taxonomy":"category","embeddable":true,"href":"https:\/\/ilsovranista.com\/index.php?rest_route=%2Fwp%2Fv2%2Fcategories&post=4367"},{"taxonomy":"post_tag","embeddable":true,"href":"https:\/\/ilsovranista.com\/index.php?rest_route=%2Fwp%2Fv2%2Ftags&post=4367"}],"curies":[{"name":"wp","href":"https:\/\/api.w.org\/{rel}","templated":true}]}}