{"id":4361,"date":"2025-08-10T07:33:39","date_gmt":"2025-08-10T05:33:39","guid":{"rendered":"https:\/\/ilsovranista.com\/?p=4361"},"modified":"2025-08-10T07:34:12","modified_gmt":"2025-08-10T05:34:12","slug":"salvini-lancia-la-lista-zaia-valore-aggiunto-in-veneto","status":"publish","type":"post","link":"https:\/\/ilsovranista.com\/?p=4361","title":{"rendered":"Salvini lancia la lista Zaia: &#8220;valore aggiunto in Veneto&#8221;"},"content":{"rendered":"<p>L&#8217;estenuante partita delle candidature per le elezioni regionali di autunno, nonostante la calura estiva, continua, senza sosta e senza tregua.\u00a0 Un colpo ad effetto, arriva dal Veneto.<strong>Matteo Salvini,<\/strong> segretario federale della\u00a0<strong>Lega,\u00a0<\/strong>dopo il direttivo regionale del partito, ribadisce la richiesta di esprimere il nome del candidato presidente del centro destra e annuncia l&#8217;intenzione di presentare una lista\u00a0<strong>Zaia.\u00a0<\/strong>Una stoccata non da poco, diretta in primis a\u00a0<strong>Fratelli d&#8217;Italia\u00a0<\/strong> e\u00a0<strong>Forza Italia,\u00a0<\/strong>che, da tempo, fanno orecchie da mercanti alla richiesta del vice premier per il dopo Zaia. Una lista con il nome del governatore uscente rappresenterebbe una novit\u00e0 politica ma che deprederebbe tutte le altre liste, Lega compresa. D&#8217;altronde la lista Zaia \u00e8 stata la pi\u00f9 votata alle scorse regionali e non farla scendere in campo sarebbe un peccato\u00a0 la Lega con oltre 10 Mil\u00e0 iscritti, 160 sindaci ha gi\u00e0 raccolto ben 158 disponibilit\u00e0 alle candidatura per cui potrebbe costruire oltre alla lista Zaia anche una altra lista. L&#8217;obiettivo di Salvini \u00e8 vincere in Veneto con la Lega e la lista Zaia forze trainanti del centro destra. Una ipotesi che non trova il gradimento degli altri alleati di centro<\/p>\n","protected":false},"excerpt":{"rendered":"<p>L&#8217;estenuante partita delle candidature per le elezioni regionali di autunno, nonostante la calura estiva, continua, senza sosta e senza tregua.\u00a0 Un colpo ad effetto, arriva dal Veneto.Matteo Salvini, segretario federale della\u00a0Lega,\u00a0dopo il direttivo regionale del partito, ribadisce la richiesta di esprimere il nome del candidato presidente del centro destra e annuncia l&#8217;intenzione di presentare una [&hellip;]<\/p>\n","protected":false},"author":3,"featured_media":3193,"comment_status":"open","ping_status":"closed","sticky":false,"template":"","format":"standard","meta":{"om_disable_all_campaigns":false,"_monsterinsights_skip_tracking":false,"_monsterinsights_sitenote_active":false,"_monsterinsights_sitenote_note":"","_monsterinsights_sitenote_category":0,"_uf_show_specific_survey":0,"_uf_disable_surveys":false,"footnotes":""},"categories":[33],"tags":[],"class_list":{"0":"post-4361","1":"post","2":"type-post","3":"status-publish","4":"format-standard","5":"has-post-thumbnail","7":"category-politica"},"aioseo_notices":[],"_links":{"self":[{"href":"https:\/\/ilsovranista.com\/index.php?rest_route=\/wp\/v2\/posts\/4361","targetHints":{"allow":["GET"]}}],"collection":[{"href":"https:\/\/ilsovranista.com\/index.php?rest_route=\/wp\/v2\/posts"}],"about":[{"href":"https:\/\/ilsovranista.com\/index.php?rest_route=\/wp\/v2\/types\/post"}],"author":[{"embeddable":true,"href":"https:\/\/ilsovranista.com\/index.php?rest_route=\/wp\/v2\/users\/3"}],"replies":[{"embeddable":true,"href":"https:\/\/ilsovranista.com\/index.php?rest_route=%2Fwp%2Fv2%2Fcomments&post=4361"}],"version-history":[{"count":2,"href":"https:\/\/ilsovranista.com\/index.php?rest_route=\/wp\/v2\/posts\/4361\/revisions"}],"predecessor-version":[{"id":4363,"href":"https:\/\/ilsovranista.com\/index.php?rest_route=\/wp\/v2\/posts\/4361\/revisions\/4363"}],"wp:featuredmedia":[{"embeddable":true,"href":"https:\/\/ilsovranista.com\/index.php?rest_route=\/wp\/v2\/media\/3193"}],"wp:attachment":[{"href":"https:\/\/ilsovranista.com\/index.php?rest_route=%2Fwp%2Fv2%2Fmedia&parent=4361"}],"wp:term":[{"taxonomy":"category","embeddable":true,"href":"https:\/\/ilsovranista.com\/index.php?rest_route=%2Fwp%2Fv2%2Fcategories&post=4361"},{"taxonomy":"post_tag","embeddable":true,"href":"https:\/\/ilsovranista.com\/index.php?rest_route=%2Fwp%2Fv2%2Ftags&post=4361"}],"curies":[{"name":"wp","href":"https:\/\/api.w.org\/{rel}","templated":true}]}}