{"id":4347,"date":"2025-08-07T21:46:12","date_gmt":"2025-08-07T19:46:12","guid":{"rendered":"https:\/\/ilsovranista.com\/?p=4347"},"modified":"2025-08-07T21:47:42","modified_gmt":"2025-08-07T19:47:42","slug":"lo-sfogo-di-manlio-messina-io-emarginato-da-fratelli-ditalia-lo-sfogo-di-manlio-messina-emarginato-da-fratelli-ditalia-ecco-perche-vado-via","status":"publish","type":"post","link":"https:\/\/ilsovranista.com\/?p=4347","title":{"rendered":"Lo sfogo di Manlio Messina: &#8220;Io emarginato da Fratelli d\u2019Italia, ecco perch\u00e9 vado via"},"content":{"rendered":"<p>Un lettore siciliano mi invia la lettera in cui <strong>Manlio Messina<\/strong> spiega le motivazioni che lo hanno spinto a\u00a0lasciare il partito <strong>Fratelli d\u2019Italia\u00a0<\/strong>e a rassegnare le dimissioni dal gruppo parlamentare. Volentieri la pubblico<\/p>\n<p>Ho scelto di scrivere queste poche righe per restituire verit\u00e0 alla mia storia. Lo devo alla mia famiglia, alle persone che mi sono state vicine in questi giorni difficili e a chi mi ha concesso sempre la propria fiducia.<\/p>\n<p>Il 29 luglio, ho ricevuto dalla Procura di Palermo la comunicazione di non essere indagato nel procedimento penale che ha coinvolto, tra gli altri, alcuni esponenti di <strong>Fratelli d\u2019Italia<\/strong>.<\/p>\n<p>La stessa magistratura, notificando loro l\u2019avviso di conclusione delle indagini, ha ribadito la mia completa estraneit\u00e0 ai fatti, escludendo qualsiasi condotta penalmente rilevante a mio carico.<\/p>\n<p>Eppure, in questi mesi, in nome di un presunto \u201csuperiore interesse pubblico\u201d all\u2019informazione \u2013 che sembra ormai prevalere sulla ricostruzione rigorosa e obiettiva dei fatti \u2013 brandelli selezionati di atti di indagine e brogliacci di intercettazioni riguardanti altri soggetti sono stati sviscerati a puntate sui quotidiani, nel goffo tentativo di coinvolgermi.<\/p>\n<p>Ci\u00f2 \u00e8 avvenuto, e il tema non sembra pi\u00f9 destare alcuna preoccupazione, nonostante io non avessi diritto, n\u00e9 possibilit\u00e0 di conoscere quegli stessi atti che, al contrario, sono stati consegnati alla stampa da soggetti rimasti \u2013 come sempre \u2013 ignoti.<\/p>\n<p>Si \u00e8 arrivati cos\u00ec al paradosso che fatti e comportamenti ricostruiti attraverso una lettura sommaria e parziale di atti di indagine a cui sono estraneo, non ancora sottoposti al vaglio di un Giudice terzo, e comunque, nel mio caso, valutati come privi di rilevanza penale dalla magistratura, sono stati dalla stampa ugualmente elevati a elementi di sospetto a mio carico e dati in pasto all\u2019opinione pubblica per essere trasformati, in poche ore, in verit\u00e0 assolute.<\/p>\n<p><strong>Sono stato quindi costretto a difendermi sulla pubblica piazza da accuse costruite su stralci di dialoghi avvenuti anni fa, ai quali non ho preso parte e il cui significato complessivo non sono in grado di comprendere<\/strong>. Non conosco infatti il contenuto integrale delle intercettazioni citate e di quelle non pubblicate e, soprattutto, il contesto in cui quelle parole sono state dette.<\/p>\n<p>Sono fermamente convinto dell\u2019innocenza del Presidente Galvagno e dell\u2019Assessore Amata, ai quali mi lega un forte sentimento di amicizia e stima e a cui auguro di dimostrare in tempi brevi la loro estraneit\u00e0 ai fatti ipotizzati dalla Procura di Palermo.<\/p>\n<p><strong>Devo in ogni caso ribadire con altrettanta forza di non aver mai compiuto alcun atto illecito e, in particolare, di non aver mai chiesto, sollecitato o indotto chicchessia a concedere finanziamenti o comunque a compiere un qualsiasi atto inerente alla sua funzione<\/strong>, i quali, sono convinto, non hanno mai potuto rappresentare \u2012 neanche per i soggetti indagati \u2012 merce di scambio di qualsivoglia utilit\u00e0.<\/p>\n<p>Continuare invece ad affermare, come ho letto su alcuni quotidiani, che io sia addirittura il \u201cregista\u201d di queste vicende, e ci\u00f2 contro il diverso parere della Procura di Palermo, dimostra, nella migliore delle ipotesi, una scarsa comprensione dei principi elementari del diritto e della procedura penale. Nella peggiore, tradisce il tentativo della stampa, assai scivoloso, di sostituirsi alla magistratura.<\/p>\n<p>Anche nel procedimento sulla cosiddetta \u201cvicenda Cannes\u201d, ormai divenuta nell\u2019immaginario collettivo sinonimo di scandalo, non sono iscritto nel registro degli indagati, n\u00e9 la Procura di Palermo ha mai ritenuto di sentirmi quale persona informata sui fatti. Ma sono anche in questo caso convinto dell\u2019assoluta innocenza dei Dirigenti regionali coinvolti, conoscendone personalmente la storia e avendo avuto l\u2019onore di lavorare al loro fianco per quasi quattro anni.<\/p>\n<p>Eppure, anche in questo caso, da pi\u00f9 di un anno, l<strong>a stampa alimenta unilateralmente il sospetto di condotte illecite, illegittime o eticamente discutibili a me attribuibili<\/strong>, nonostante l\u2019assenza di qualsivoglia elemento di riscontro e, per quel che pi\u00f9 mi interessa, in direzione opposta alle valutazioni della magistratura.<\/p>\n<p>L\u2019effetto finale di questo metodo \u00e8 che, attraverso un\u2019operazione chirurgica, un qualsiasi cittadino venga esposto alla pubblica gogna, senza concreta possibilit\u00e0 di dimostrare la propria innocenza o estraneit\u00e0 ai fatti, se non trasferendo il giudizio sui social e sulla carta stampata o attendendo anni \u2013 i pi\u00f9 fortunati all\u2019esito di un processo giusto ed equo \u2013 quando quella notizia non importer\u00e0 pi\u00f9 a nessuno, e la vita politica, personale e familiare, sar\u00e0 stata integralmente distrutta e compromessa.<\/p>\n<p>In questo clima, non mi meraviglierebbe allora scoprire, domani o nel prossimo futuro, di essere nuovamente trascinato dentro inchieste giornalistiche o vicende giudiziarie che possano ancora una volta consegnare all\u2019opinione pubblica un nemico da combattere.<\/p>\n<p><strong>Ho condiviso in questi anni con i vertici nazionali del mio partito queste mie preoccupazioni che, lungi dal rappresentare una pretesa di immunit\u00e0 o difesa incondizionata, rappresentano un tema politico. Ma, in risposta, ho potuto solo registrare un lento, ma costante, processo di emarginazione<\/strong>.<\/p>\n<p>Un atteggiamento che non mi so spiegare, specie se messo a confronto con quello riservato ad altri esponenti di Fratelli d\u2019Italia, protagonisti di vicende ben pi\u00f9 gravi della mia.<\/p>\n<p>Ci\u00f2 mi ha convinto, dolorosamente, che nel mio caso ci fosse nel partito spazio per il dubbio sulla legittimit\u00e0 della mia condotta o, cosa ancor pi\u00f9 grave, che\u00a0<strong>la tutela dell\u2019immagine di Fratelli d\u2019Italia debba, a correnti alterne, sempre prevalere sul principio del garantismo o sul sacrificio dell\u2019interesse del singolo<\/strong>.<\/p>\n<p><strong>Una scelta che, dopo tutti questi anni di militanza, avrebbe forse imposto una pi\u00f9 seria e attenta riflessione al suo interno, perch\u00e9 ci\u00f2 che \u00e8 capitato a me potr\u00e0 presto accadere a qualcun altro<\/strong>.<\/p>\n<p>La mia vicenda racconta qualcosa di pi\u00f9 grande di me: racconta un Paese in cui chi \u00e8 innocente deve difendersi dal sospetto prima ancora che dall\u2019accusa, un Paese in cui l\u2019onta mediatica pesa pi\u00f9 di una sentenza.<\/p>\n<p><strong>Oggi scrivo non per rancore, ma per dignit\u00e0<\/strong>.<\/p>\n<p>Perch\u00e9 la mia vita politica, a cui ho dedicato quasi tutta la mia esistenza, \u00e8 stata trascinata nella pubblica gogna.<\/p>\n<p>A chi ha voluto infangarmi, rispondo con la forza della mia coscienza.<\/p>\n<p>A chi mi ha voltato le spalle, rispondo con un sorriso amaro, ma sincero.<\/p>\n<p>Ai tanti amici che mi sono rimasti accanto, dico grazie: il vostro sostegno \u00e8 la prova che la mia battaglia non \u00e8 vana e che forse, in fondo, non sono solo.<\/p>\n<p>Valuter\u00f2 infine con il mio legale i tempi e i modi per tutelare in ogni sede la mia onorabilit\u00e0.<\/p>\n<p>Concludo, ricordando a me stesso, ma soprattutto a chi ha gi\u00e0 sentenziato, che non c\u2019\u00e8 fango abbastanza denso da fermare chi cammina nella verit\u00e0: e questa \u00e8 una promessa!<\/p>\n","protected":false},"excerpt":{"rendered":"<p>Un lettore siciliano mi invia la lettera in cui Manlio Messina spiega le motivazioni che lo hanno spinto a\u00a0lasciare il partito Fratelli d\u2019Italia\u00a0e a rassegnare le dimissioni dal gruppo parlamentare. Volentieri la pubblico Ho scelto di scrivere queste poche righe per restituire verit\u00e0 alla mia storia. Lo devo alla mia famiglia, alle persone che mi [&hellip;]<\/p>\n","protected":false},"author":3,"featured_media":4348,"comment_status":"open","ping_status":"closed","sticky":false,"template":"","format":"standard","meta":{"om_disable_all_campaigns":false,"_monsterinsights_skip_tracking":false,"_monsterinsights_sitenote_active":false,"_monsterinsights_sitenote_note":"","_monsterinsights_sitenote_category":0,"_uf_show_specific_survey":0,"_uf_disable_surveys":false,"footnotes":""},"categories":[33],"tags":[],"class_list":{"0":"post-4347","1":"post","2":"type-post","3":"status-publish","4":"format-standard","5":"has-post-thumbnail","7":"category-politica"},"aioseo_notices":[],"_links":{"self":[{"href":"https:\/\/ilsovranista.com\/index.php?rest_route=\/wp\/v2\/posts\/4347","targetHints":{"allow":["GET"]}}],"collection":[{"href":"https:\/\/ilsovranista.com\/index.php?rest_route=\/wp\/v2\/posts"}],"about":[{"href":"https:\/\/ilsovranista.com\/index.php?rest_route=\/wp\/v2\/types\/post"}],"author":[{"embeddable":true,"href":"https:\/\/ilsovranista.com\/index.php?rest_route=\/wp\/v2\/users\/3"}],"replies":[{"embeddable":true,"href":"https:\/\/ilsovranista.com\/index.php?rest_route=%2Fwp%2Fv2%2Fcomments&post=4347"}],"version-history":[{"count":2,"href":"https:\/\/ilsovranista.com\/index.php?rest_route=\/wp\/v2\/posts\/4347\/revisions"}],"predecessor-version":[{"id":4350,"href":"https:\/\/ilsovranista.com\/index.php?rest_route=\/wp\/v2\/posts\/4347\/revisions\/4350"}],"wp:featuredmedia":[{"embeddable":true,"href":"https:\/\/ilsovranista.com\/index.php?rest_route=\/wp\/v2\/media\/4348"}],"wp:attachment":[{"href":"https:\/\/ilsovranista.com\/index.php?rest_route=%2Fwp%2Fv2%2Fmedia&parent=4347"}],"wp:term":[{"taxonomy":"category","embeddable":true,"href":"https:\/\/ilsovranista.com\/index.php?rest_route=%2Fwp%2Fv2%2Fcategories&post=4347"},{"taxonomy":"post_tag","embeddable":true,"href":"https:\/\/ilsovranista.com\/index.php?rest_route=%2Fwp%2Fv2%2Ftags&post=4347"}],"curies":[{"name":"wp","href":"https:\/\/api.w.org\/{rel}","templated":true}]}}