{"id":4340,"date":"2025-08-07T20:07:43","date_gmt":"2025-08-07T18:07:43","guid":{"rendered":"https:\/\/ilsovranista.com\/?p=4340"},"modified":"2025-08-07T20:07:43","modified_gmt":"2025-08-07T18:07:43","slug":"regionali-calabria-lobiettivo-di-salvini-lega-primo-partito","status":"publish","type":"post","link":"https:\/\/ilsovranista.com\/?p=4340","title":{"rendered":"Regionali Calabria, l&#8217;obiettivo di Salvini: Lega primo partito"},"content":{"rendered":"<p>&#8220;Ieri sera (mercoled\u00ec ) c&#8217;\u00e8 stata una bellissima cena della <strong>Lega<\/strong> con gli amministratori uscenti, stiamo preparando le liste pi\u00f9 forti possibili perch\u00e9 punto a portare la <strong>Lega<\/strong> a essere il primo partito in Calabria. A chi mi dice che \u00e8 una ambizione eccessiva, dico che anche il Ponte sullo Stretto era un&#8217;ambizione eccessiva&#8221;.<\/p>\n<p>Lo ha detto\u00a0 Matteo Salvini, vice premier\u00a0 e segretario federale della Lega\u00a0 interpellato a Villa San Giovanni (Rc) sulla cena di mercoled\u00ec sera con il governatore uscente della Calabria Roberto Occhiuto.<\/p>\n<p>&#8220;Occhiuto, precisa Salvini,\u00a0 ha fatto una scelta coraggiosa e ha la mia fiducia&#8221;<\/p>\n","protected":false},"excerpt":{"rendered":"<p>&#8220;Ieri sera (mercoled\u00ec ) c&#8217;\u00e8 stata una bellissima cena della Lega con gli amministratori uscenti, stiamo preparando le liste pi\u00f9 forti possibili perch\u00e9 punto a portare la Lega a essere il primo partito in Calabria. A chi mi dice che \u00e8 una ambizione eccessiva, dico che anche il Ponte sullo Stretto era un&#8217;ambizione eccessiva&#8221;. Lo [&hellip;]<\/p>\n","protected":false},"author":3,"featured_media":4341,"comment_status":"open","ping_status":"closed","sticky":false,"template":"","format":"standard","meta":{"om_disable_all_campaigns":false,"_monsterinsights_skip_tracking":false,"_monsterinsights_sitenote_active":false,"_monsterinsights_sitenote_note":"","_monsterinsights_sitenote_category":0,"_uf_show_specific_survey":0,"_uf_disable_surveys":false,"footnotes":""},"categories":[36],"tags":[],"class_list":{"0":"post-4340","1":"post","2":"type-post","3":"status-publish","4":"format-standard","5":"has-post-thumbnail","7":"category-prima-i-territori"},"aioseo_notices":[],"_links":{"self":[{"href":"https:\/\/ilsovranista.com\/index.php?rest_route=\/wp\/v2\/posts\/4340","targetHints":{"allow":["GET"]}}],"collection":[{"href":"https:\/\/ilsovranista.com\/index.php?rest_route=\/wp\/v2\/posts"}],"about":[{"href":"https:\/\/ilsovranista.com\/index.php?rest_route=\/wp\/v2\/types\/post"}],"author":[{"embeddable":true,"href":"https:\/\/ilsovranista.com\/index.php?rest_route=\/wp\/v2\/users\/3"}],"replies":[{"embeddable":true,"href":"https:\/\/ilsovranista.com\/index.php?rest_route=%2Fwp%2Fv2%2Fcomments&post=4340"}],"version-history":[{"count":1,"href":"https:\/\/ilsovranista.com\/index.php?rest_route=\/wp\/v2\/posts\/4340\/revisions"}],"predecessor-version":[{"id":4342,"href":"https:\/\/ilsovranista.com\/index.php?rest_route=\/wp\/v2\/posts\/4340\/revisions\/4342"}],"wp:featuredmedia":[{"embeddable":true,"href":"https:\/\/ilsovranista.com\/index.php?rest_route=\/wp\/v2\/media\/4341"}],"wp:attachment":[{"href":"https:\/\/ilsovranista.com\/index.php?rest_route=%2Fwp%2Fv2%2Fmedia&parent=4340"}],"wp:term":[{"taxonomy":"category","embeddable":true,"href":"https:\/\/ilsovranista.com\/index.php?rest_route=%2Fwp%2Fv2%2Fcategories&post=4340"},{"taxonomy":"post_tag","embeddable":true,"href":"https:\/\/ilsovranista.com\/index.php?rest_route=%2Fwp%2Fv2%2Ftags&post=4340"}],"curies":[{"name":"wp","href":"https:\/\/api.w.org\/{rel}","templated":true}]}}