{"id":4315,"date":"2025-08-04T17:28:55","date_gmt":"2025-08-04T15:28:55","guid":{"rendered":"https:\/\/ilsovranista.com\/?p=4315"},"modified":"2025-08-04T17:28:55","modified_gmt":"2025-08-04T15:28:55","slug":"bonelli-avs-netanyahu-e-un-criminale-di-guerra-meloni-sua-complice","status":"publish","type":"post","link":"https:\/\/ilsovranista.com\/?p=4315","title":{"rendered":"Bonelli (Avs): \u201cNetanyahu \u00e8 un criminale di guerra, Meloni sua complice"},"content":{"rendered":"<p>&nbsp;<\/p>\n<p>La lettera di oltre 600 ex vertici della sicurezza israeliana che chiedono a Trump di fermare Netanyahu conferma ci\u00f2 che il mondo intero vede da mesi: il premier israeliano non \u00e8 un uomo di sicurezza, \u00e8 un criminale di guerra responsabile di una catastrofe umanitaria che ha trasformato Gaza in un cimitero a cielo aperto.<br \/>\nNon si tratta pi\u00f9 di conflitto: \u00e8 genocidio pianificato, con civili deliberatamente affamati, bombardamenti su scuole e ospedali, blocco degli aiuti umanitari. Netanyahu governa come un criminale che utilizza la fame e la distruzione come strumenti di sterminio di massa.<br \/>\nMa questa responsabilit\u00e0 non \u00e8 solo sua. \u00c8 la complicit\u00e0 dei governi occidentali, a partire da quello italiano, che consente a Netanyahu di continuare. Meloni e il suo governo, con il silenzio e le forniture militari, sono corresponsabili di questi crimini. Ogni giorno di inerzia \u00e8<br \/>\nun giorno in pi\u00f9 di vergogna per l\u2019Italia e per l\u2019Europa.<br \/>\nLa comunit\u00e0 internazionale non pu\u00f2 pi\u00f9 nascondersi dietro le parole: Netanyahu \u00e8 un uomo sotto mandato di arresto della Corte Penale Internazionale. Con lui, chi lo sostiene senza condizioni si macchia della stessa colpa morale e politica.\u201d<\/p>\n<p>Lo ha affermato\u00a0<strong>Angelo Bonelli,<\/strong> co-presidente di Europa Verde, deputato di\u00a0<strong>Alleanza Verdi e Sinistra\u00a0<\/strong><\/p>\n","protected":false},"excerpt":{"rendered":"<p>&nbsp; La lettera di oltre 600 ex vertici della sicurezza israeliana che chiedono a Trump di fermare Netanyahu conferma ci\u00f2 che il mondo intero vede da mesi: il premier israeliano non \u00e8 un uomo di sicurezza, \u00e8 un criminale di guerra responsabile di una catastrofe umanitaria che ha trasformato Gaza in un cimitero a cielo [&hellip;]<\/p>\n","protected":false},"author":3,"featured_media":4317,"comment_status":"open","ping_status":"closed","sticky":false,"template":"","format":"standard","meta":{"om_disable_all_campaigns":false,"_monsterinsights_skip_tracking":false,"_monsterinsights_sitenote_active":false,"_monsterinsights_sitenote_note":"","_monsterinsights_sitenote_category":0,"_uf_show_specific_survey":0,"_uf_disable_surveys":false,"footnotes":""},"categories":[33],"tags":[],"class_list":{"0":"post-4315","1":"post","2":"type-post","3":"status-publish","4":"format-standard","5":"has-post-thumbnail","7":"category-politica"},"aioseo_notices":[],"_links":{"self":[{"href":"https:\/\/ilsovranista.com\/index.php?rest_route=\/wp\/v2\/posts\/4315","targetHints":{"allow":["GET"]}}],"collection":[{"href":"https:\/\/ilsovranista.com\/index.php?rest_route=\/wp\/v2\/posts"}],"about":[{"href":"https:\/\/ilsovranista.com\/index.php?rest_route=\/wp\/v2\/types\/post"}],"author":[{"embeddable":true,"href":"https:\/\/ilsovranista.com\/index.php?rest_route=\/wp\/v2\/users\/3"}],"replies":[{"embeddable":true,"href":"https:\/\/ilsovranista.com\/index.php?rest_route=%2Fwp%2Fv2%2Fcomments&post=4315"}],"version-history":[{"count":1,"href":"https:\/\/ilsovranista.com\/index.php?rest_route=\/wp\/v2\/posts\/4315\/revisions"}],"predecessor-version":[{"id":4318,"href":"https:\/\/ilsovranista.com\/index.php?rest_route=\/wp\/v2\/posts\/4315\/revisions\/4318"}],"wp:featuredmedia":[{"embeddable":true,"href":"https:\/\/ilsovranista.com\/index.php?rest_route=\/wp\/v2\/media\/4317"}],"wp:attachment":[{"href":"https:\/\/ilsovranista.com\/index.php?rest_route=%2Fwp%2Fv2%2Fmedia&parent=4315"}],"wp:term":[{"taxonomy":"category","embeddable":true,"href":"https:\/\/ilsovranista.com\/index.php?rest_route=%2Fwp%2Fv2%2Fcategories&post=4315"},{"taxonomy":"post_tag","embeddable":true,"href":"https:\/\/ilsovranista.com\/index.php?rest_route=%2Fwp%2Fv2%2Ftags&post=4315"}],"curies":[{"name":"wp","href":"https:\/\/api.w.org\/{rel}","templated":true}]}}