{"id":4312,"date":"2025-08-04T17:20:45","date_gmt":"2025-08-04T15:20:45","guid":{"rendered":"https:\/\/ilsovranista.com\/?p=4312"},"modified":"2025-08-04T17:20:45","modified_gmt":"2025-08-04T15:20:45","slug":"sanita-monti-scudo-penale-per-professionisti-vittoria-della-lega","status":"publish","type":"post","link":"https:\/\/ilsovranista.com\/?p=4312","title":{"rendered":"Sanit\u00e0: Monti, scudo penale per professionisti vittoria della Lega"},"content":{"rendered":"<p>\u201cLa stabilizzazione dello scudo penale per i professionisti della sanit\u00e0 rappresenta una vittoria concreta della Lega e un risultato che avevamo chiesto con forza durante gli Stati Generali della Sanit\u00e0 dello scorso anno, alla presenza del Vicepremier Matteo Salvini e di tutta la dirigenza del nostro partito. Si tratta di un provvedimento che mette finalmente al centro chi cura, protegge e garantisce il funzionamento del nostro Servizio Sanitario Nazionale, spesso in condizioni di emergenza e sotto pressione. Lo scudo penale \u00e8 una misura di buonsenso, che tutela i professionisti da un\u2019esposizione penale sproporzionata. \u00c8 anche un primo passo per arginare la medicina difensiva, un fenomeno che genera costi inutili e riduce l\u2019efficacia delle cure. Chi si prende cura degli altri non pu\u00f2 vivere con la paura costante di finire in tribunale per colpe non sue. Questa battaglia \u00e8 e rester\u00e0 una priorit\u00e0 della Lega\u201d.<br \/>\nLo ha dichiarato <strong>Emanuele Monti<\/strong>, Responsabile Nazionale del Dipartimento Sanit\u00e0 della <strong>Lega<\/strong>.<\/p>\n","protected":false},"excerpt":{"rendered":"<p>\u201cLa stabilizzazione dello scudo penale per i professionisti della sanit\u00e0 rappresenta una vittoria concreta della Lega e un risultato che avevamo chiesto con forza durante gli Stati Generali della Sanit\u00e0 dello scorso anno, alla presenza del Vicepremier Matteo Salvini e di tutta la dirigenza del nostro partito. Si tratta di un provvedimento che mette finalmente [&hellip;]<\/p>\n","protected":false},"author":3,"featured_media":4313,"comment_status":"open","ping_status":"closed","sticky":false,"template":"","format":"standard","meta":{"om_disable_all_campaigns":false,"_monsterinsights_skip_tracking":false,"_monsterinsights_sitenote_active":false,"_monsterinsights_sitenote_note":"","_monsterinsights_sitenote_category":0,"_uf_show_specific_survey":0,"_uf_disable_surveys":false,"footnotes":""},"categories":[33],"tags":[],"class_list":{"0":"post-4312","1":"post","2":"type-post","3":"status-publish","4":"format-standard","5":"has-post-thumbnail","7":"category-politica"},"aioseo_notices":[],"_links":{"self":[{"href":"https:\/\/ilsovranista.com\/index.php?rest_route=\/wp\/v2\/posts\/4312","targetHints":{"allow":["GET"]}}],"collection":[{"href":"https:\/\/ilsovranista.com\/index.php?rest_route=\/wp\/v2\/posts"}],"about":[{"href":"https:\/\/ilsovranista.com\/index.php?rest_route=\/wp\/v2\/types\/post"}],"author":[{"embeddable":true,"href":"https:\/\/ilsovranista.com\/index.php?rest_route=\/wp\/v2\/users\/3"}],"replies":[{"embeddable":true,"href":"https:\/\/ilsovranista.com\/index.php?rest_route=%2Fwp%2Fv2%2Fcomments&post=4312"}],"version-history":[{"count":1,"href":"https:\/\/ilsovranista.com\/index.php?rest_route=\/wp\/v2\/posts\/4312\/revisions"}],"predecessor-version":[{"id":4314,"href":"https:\/\/ilsovranista.com\/index.php?rest_route=\/wp\/v2\/posts\/4312\/revisions\/4314"}],"wp:featuredmedia":[{"embeddable":true,"href":"https:\/\/ilsovranista.com\/index.php?rest_route=\/wp\/v2\/media\/4313"}],"wp:attachment":[{"href":"https:\/\/ilsovranista.com\/index.php?rest_route=%2Fwp%2Fv2%2Fmedia&parent=4312"}],"wp:term":[{"taxonomy":"category","embeddable":true,"href":"https:\/\/ilsovranista.com\/index.php?rest_route=%2Fwp%2Fv2%2Fcategories&post=4312"},{"taxonomy":"post_tag","embeddable":true,"href":"https:\/\/ilsovranista.com\/index.php?rest_route=%2Fwp%2Fv2%2Ftags&post=4312"}],"curies":[{"name":"wp","href":"https:\/\/api.w.org\/{rel}","templated":true}]}}