{"id":4308,"date":"2025-08-04T17:16:38","date_gmt":"2025-08-04T15:16:38","guid":{"rendered":"https:\/\/ilsovranista.com\/?p=4308"},"modified":"2025-08-04T17:16:38","modified_gmt":"2025-08-04T15:16:38","slug":"ponte-sullo-strettolannuncio-di-germana-lega-mercoledi-sara-una-giornata-storica","status":"publish","type":"post","link":"https:\/\/ilsovranista.com\/?p=4308","title":{"rendered":"Ponte sullo Stretto,l&#8217;annuncio di German\u00e0 (Lega): \u201cmercoled\u00ec sar\u00e0 una giornata storica\u201d"},"content":{"rendered":"<p><strong>\u201c<\/strong>Mercoled\u00ec sar\u00e0 una giornata storica per la Sicilia e per tutta l\u2019Italia.\u00a0L\u2019approvazione da parte del Cipess del\u00a0progetto definitivo del Ponte sullo Stretto segner\u00e0 l\u2019avvio dei lavori per un\u2019opera grandiosa, concreta, che finalmente prende forma. Per troppi anni ci hanno detto che era impossibile. Noi dimostriamo che con coraggio e visione si pu\u00f2 fare. A nome di tutta la Lega siciliana e di tutti quelli che ci hanno creduto e che ci credono, ringraziamo il ministro Salvini. Questo ponte non \u00e8 solo acciaio e ingegneria: \u00e8 sviluppo, lavoro, crescita. \u00c8 la Sicilia che si rialza e guarda lontano\u201d.<\/p>\n<p>Lo ha affermato in una nota, diffusa alla stampa,\u00a0<strong>Nino German\u00e0,\u00a0<\/strong>senatore della <strong>Lega\u00a0<\/strong><\/p>\n","protected":false},"excerpt":{"rendered":"<p>\u201cMercoled\u00ec sar\u00e0 una giornata storica per la Sicilia e per tutta l\u2019Italia.\u00a0L\u2019approvazione da parte del Cipess del\u00a0progetto definitivo del Ponte sullo Stretto segner\u00e0 l\u2019avvio dei lavori per un\u2019opera grandiosa, concreta, che finalmente prende forma. Per troppi anni ci hanno detto che era impossibile. Noi dimostriamo che con coraggio e visione si pu\u00f2 fare. A nome [&hellip;]<\/p>\n","protected":false},"author":3,"featured_media":4310,"comment_status":"open","ping_status":"closed","sticky":false,"template":"","format":"standard","meta":{"om_disable_all_campaigns":false,"_monsterinsights_skip_tracking":false,"_monsterinsights_sitenote_active":false,"_monsterinsights_sitenote_note":"","_monsterinsights_sitenote_category":0,"_uf_show_specific_survey":0,"_uf_disable_surveys":false,"footnotes":""},"categories":[33],"tags":[],"class_list":{"0":"post-4308","1":"post","2":"type-post","3":"status-publish","4":"format-standard","5":"has-post-thumbnail","7":"category-politica"},"aioseo_notices":[],"_links":{"self":[{"href":"https:\/\/ilsovranista.com\/index.php?rest_route=\/wp\/v2\/posts\/4308","targetHints":{"allow":["GET"]}}],"collection":[{"href":"https:\/\/ilsovranista.com\/index.php?rest_route=\/wp\/v2\/posts"}],"about":[{"href":"https:\/\/ilsovranista.com\/index.php?rest_route=\/wp\/v2\/types\/post"}],"author":[{"embeddable":true,"href":"https:\/\/ilsovranista.com\/index.php?rest_route=\/wp\/v2\/users\/3"}],"replies":[{"embeddable":true,"href":"https:\/\/ilsovranista.com\/index.php?rest_route=%2Fwp%2Fv2%2Fcomments&post=4308"}],"version-history":[{"count":1,"href":"https:\/\/ilsovranista.com\/index.php?rest_route=\/wp\/v2\/posts\/4308\/revisions"}],"predecessor-version":[{"id":4311,"href":"https:\/\/ilsovranista.com\/index.php?rest_route=\/wp\/v2\/posts\/4308\/revisions\/4311"}],"wp:featuredmedia":[{"embeddable":true,"href":"https:\/\/ilsovranista.com\/index.php?rest_route=\/wp\/v2\/media\/4310"}],"wp:attachment":[{"href":"https:\/\/ilsovranista.com\/index.php?rest_route=%2Fwp%2Fv2%2Fmedia&parent=4308"}],"wp:term":[{"taxonomy":"category","embeddable":true,"href":"https:\/\/ilsovranista.com\/index.php?rest_route=%2Fwp%2Fv2%2Fcategories&post=4308"},{"taxonomy":"post_tag","embeddable":true,"href":"https:\/\/ilsovranista.com\/index.php?rest_route=%2Fwp%2Fv2%2Ftags&post=4308"}],"curies":[{"name":"wp","href":"https:\/\/api.w.org\/{rel}","templated":true}]}}