{"id":4289,"date":"2025-08-03T08:55:32","date_gmt":"2025-08-03T06:55:32","guid":{"rendered":"https:\/\/ilsovranista.com\/?p=4289"},"modified":"2025-08-03T08:55:32","modified_gmt":"2025-08-03T06:55:32","slug":"in-romagna-nasce-patto-per-il-nord-in-platea-plini-storico-antagonista-di-salvini","status":"publish","type":"post","link":"https:\/\/ilsovranista.com\/?p=4289","title":{"rendered":"In Romagna nasce Patto per il Nord. In platea Plini storico antagonista di Salvini"},"content":{"rendered":"<p>Un nuovo movimento a tutela dei lavoratori e dei territori del Nord Italia arriva anche in Romagna. Nasce dai delusi della Lega. &#8220;Chiacchiere e selfie invece di amministrare andando nei territori coperti di fango e nelle strade vicino ai cittadini&#8221;. Questa la motivazione alla base della costituzione del movimento, presentato ieri all\u2019hotel Delfino di Milano Marittima. La segreteria politica di \u2018Patto per il Nord\u2019 \u00e8 nata &#8220;attingendo a buona parte della dirigenza della ex Lega Nord Romagna e con l\u2019innesto di nuove personalit\u00e0 politiche e della societ\u00e0 civile&#8221;. Alla presenza per leader del movimento, <strong>Paolo<\/strong> <strong>Grimoldi<\/strong>, \u00e8 stata presentata la squadra che guider\u00e0 provvisoriamente la segreteria politica della Romagna in vista del congresso di novembre che sancir\u00e0 la nascita del politico. Al momento fanno parte di Patto per il Nord Romagna: Vally Cipriani, presidente Patto per Nord Romagna, Roberto Fabbri, segretario provinciale Forl\u00ec-Cesena, Luca Zannoni, segretario provinciale Ravenna e Simone Mazzi segretario provinciale di Rimini. Tra i presenti l\u2019ex parlamentare leghista Gianluca Pini, da sempre in rotta con Salvini.<\/p>\n","protected":false},"excerpt":{"rendered":"<p>Un nuovo movimento a tutela dei lavoratori e dei territori del Nord Italia arriva anche in Romagna. Nasce dai delusi della Lega. &#8220;Chiacchiere e selfie invece di amministrare andando nei territori coperti di fango e nelle strade vicino ai cittadini&#8221;. Questa la motivazione alla base della costituzione del movimento, presentato ieri all\u2019hotel Delfino di Milano [&hellip;]<\/p>\n","protected":false},"author":3,"featured_media":4290,"comment_status":"open","ping_status":"closed","sticky":false,"template":"","format":"standard","meta":{"om_disable_all_campaigns":false,"_monsterinsights_skip_tracking":false,"_monsterinsights_sitenote_active":false,"_monsterinsights_sitenote_note":"","_monsterinsights_sitenote_category":0,"_uf_show_specific_survey":0,"_uf_disable_surveys":false,"footnotes":""},"categories":[33],"tags":[],"class_list":{"0":"post-4289","1":"post","2":"type-post","3":"status-publish","4":"format-standard","5":"has-post-thumbnail","7":"category-politica"},"aioseo_notices":[],"_links":{"self":[{"href":"https:\/\/ilsovranista.com\/index.php?rest_route=\/wp\/v2\/posts\/4289","targetHints":{"allow":["GET"]}}],"collection":[{"href":"https:\/\/ilsovranista.com\/index.php?rest_route=\/wp\/v2\/posts"}],"about":[{"href":"https:\/\/ilsovranista.com\/index.php?rest_route=\/wp\/v2\/types\/post"}],"author":[{"embeddable":true,"href":"https:\/\/ilsovranista.com\/index.php?rest_route=\/wp\/v2\/users\/3"}],"replies":[{"embeddable":true,"href":"https:\/\/ilsovranista.com\/index.php?rest_route=%2Fwp%2Fv2%2Fcomments&post=4289"}],"version-history":[{"count":1,"href":"https:\/\/ilsovranista.com\/index.php?rest_route=\/wp\/v2\/posts\/4289\/revisions"}],"predecessor-version":[{"id":4291,"href":"https:\/\/ilsovranista.com\/index.php?rest_route=\/wp\/v2\/posts\/4289\/revisions\/4291"}],"wp:featuredmedia":[{"embeddable":true,"href":"https:\/\/ilsovranista.com\/index.php?rest_route=\/wp\/v2\/media\/4290"}],"wp:attachment":[{"href":"https:\/\/ilsovranista.com\/index.php?rest_route=%2Fwp%2Fv2%2Fmedia&parent=4289"}],"wp:term":[{"taxonomy":"category","embeddable":true,"href":"https:\/\/ilsovranista.com\/index.php?rest_route=%2Fwp%2Fv2%2Fcategories&post=4289"},{"taxonomy":"post_tag","embeddable":true,"href":"https:\/\/ilsovranista.com\/index.php?rest_route=%2Fwp%2Fv2%2Ftags&post=4289"}],"curies":[{"name":"wp","href":"https:\/\/api.w.org\/{rel}","templated":true}]}}