{"id":4262,"date":"2025-08-02T05:01:43","date_gmt":"2025-08-02T03:01:43","guid":{"rendered":"https:\/\/ilsovranista.com\/?p=4262"},"modified":"2025-08-02T05:01:43","modified_gmt":"2025-08-02T03:01:43","slug":"giustizia-nappi-le-proposte-della-lega-fondamentali-per-rispetto-delle-vittime-e-dei-familiari","status":"publish","type":"post","link":"https:\/\/ilsovranista.com\/?p=4262","title":{"rendered":"Giustizia, Nappi : le proposte della Lega  fondamentali per rispetto delle vittime e dei familiari"},"content":{"rendered":"<p>\u201cUna cosa \u00e8 la meritoria azione di figure come quella di <strong>Samuele Ciambriello<\/strong>, che si spendono per il rispetto della dignit\u00e0 umana nelle carceri, altro \u00e8 pretendere, sempre e comunque, la tutela della memoria delle vittime e il rispetto del dolore dei loro familiari. E le proposte di legge, presentate dalla Lega e dal vicepremier Matteo Salvini, nascono proprio dalla necessit\u00e0 e dalla volont\u00e0 di adottare misure che sanzionino adeguatamente comportamenti inaccettabili, a cominciare col mettere dei paletti contro chi non solo si \u00e8 reso autore di un crimine ma magari arriva a sbandierarlo anche sui social, e contrastare pericolose forme di emulazione. Per quanto riguarda poi l\u2019equiparazione penale tra minori e maggiorenni per determinate tipologie di reato, i drammatici fatti che si sono registrati anche a Napoli, dimostrano quanto sia sempre pi\u00f9 facile proprio per i minori accedere ad ambienti di criminalit\u00e0 organizzata e alle loro dinamiche di prevaricazione, violenza e morte. E questo, un uomo come Samuele Ciambriello, che ha militato lungamente nelle Istituzioni, dovrebbe ricordarlo\u201d<\/p>\n<p>Lo afferma Severino Nappi, capogruppo della Lega in Consiglio regionale e vice coordinatore del partito in Campania.<\/p>\n","protected":false},"excerpt":{"rendered":"<p>\u201cUna cosa \u00e8 la meritoria azione di figure come quella di Samuele Ciambriello, che si spendono per il rispetto della dignit\u00e0 umana nelle carceri, altro \u00e8 pretendere, sempre e comunque, la tutela della memoria delle vittime e il rispetto del dolore dei loro familiari. E le proposte di legge, presentate dalla Lega e dal vicepremier [&hellip;]<\/p>\n","protected":false},"author":3,"featured_media":4263,"comment_status":"open","ping_status":"closed","sticky":false,"template":"","format":"standard","meta":{"om_disable_all_campaigns":false,"_monsterinsights_skip_tracking":false,"_monsterinsights_sitenote_active":false,"_monsterinsights_sitenote_note":"","_monsterinsights_sitenote_category":0,"_uf_show_specific_survey":0,"_uf_disable_surveys":false,"footnotes":""},"categories":[36],"tags":[],"class_list":{"0":"post-4262","1":"post","2":"type-post","3":"status-publish","4":"format-standard","5":"has-post-thumbnail","7":"category-prima-i-territori"},"aioseo_notices":[],"_links":{"self":[{"href":"https:\/\/ilsovranista.com\/index.php?rest_route=\/wp\/v2\/posts\/4262","targetHints":{"allow":["GET"]}}],"collection":[{"href":"https:\/\/ilsovranista.com\/index.php?rest_route=\/wp\/v2\/posts"}],"about":[{"href":"https:\/\/ilsovranista.com\/index.php?rest_route=\/wp\/v2\/types\/post"}],"author":[{"embeddable":true,"href":"https:\/\/ilsovranista.com\/index.php?rest_route=\/wp\/v2\/users\/3"}],"replies":[{"embeddable":true,"href":"https:\/\/ilsovranista.com\/index.php?rest_route=%2Fwp%2Fv2%2Fcomments&post=4262"}],"version-history":[{"count":1,"href":"https:\/\/ilsovranista.com\/index.php?rest_route=\/wp\/v2\/posts\/4262\/revisions"}],"predecessor-version":[{"id":4264,"href":"https:\/\/ilsovranista.com\/index.php?rest_route=\/wp\/v2\/posts\/4262\/revisions\/4264"}],"wp:featuredmedia":[{"embeddable":true,"href":"https:\/\/ilsovranista.com\/index.php?rest_route=\/wp\/v2\/media\/4263"}],"wp:attachment":[{"href":"https:\/\/ilsovranista.com\/index.php?rest_route=%2Fwp%2Fv2%2Fmedia&parent=4262"}],"wp:term":[{"taxonomy":"category","embeddable":true,"href":"https:\/\/ilsovranista.com\/index.php?rest_route=%2Fwp%2Fv2%2Fcategories&post=4262"},{"taxonomy":"post_tag","embeddable":true,"href":"https:\/\/ilsovranista.com\/index.php?rest_route=%2Fwp%2Fv2%2Ftags&post=4262"}],"curies":[{"name":"wp","href":"https:\/\/api.w.org\/{rel}","templated":true}]}}