{"id":4254,"date":"2025-08-01T07:51:41","date_gmt":"2025-08-01T05:51:41","guid":{"rendered":"https:\/\/ilsovranista.com\/?p=4254"},"modified":"2025-08-01T08:05:22","modified_gmt":"2025-08-01T06:05:22","slug":"sicilia-messina-lascia-fratelli-ditalia-valutero-se-dimettermi-da-parlamentare","status":"publish","type":"post","link":"https:\/\/ilsovranista.com\/?p=4254","title":{"rendered":"Sicilia, Messina lascia Fratelli d&#8217;Italia: &#8220;valuter\u00f2 se dimettermi da parlamentare&#8221;"},"content":{"rendered":"<p>Il deputato <strong>Manlio<\/strong>\u00a0<strong>Messina<\/strong>\u00a0lascia<strong>\u00a0Fratelli d\u2019Italia<\/strong>. Comunica, con una nota, la sua decisione di rassegnare le <strong>dimissioni<\/strong>\u00a0dal gruppo parlamentare. Nel pieno della\u00a0crisi del partito nell\u2019isola\u00a0\u2013 con\u00a0l\u2019inchiesta giudiziaria per\u00a0<strong>corruzione\u00a0<\/strong>e\u00a0<strong>peculato<\/strong>\u00a0che riguarda, tra gli altri, il presidente dell\u2019Ars\u00a0<strong>Gaetano<\/strong>\u00a0<strong>Galvagno<\/strong>, considerato\u00a0 delfino di <strong>Ignazio<\/strong>\u00a0<strong>La<\/strong>\u00a0<strong>Russa,<\/strong>arriva cos\u00ec la decisione di Messina: fa anche sapere di stare valutando le <strong>dimissioni<\/strong>\u00a0<strong>da parlamentare.<\/strong><\/p>\n<p>Non aderir\u00f2 ad altri partiti, n\u00e9 ora n\u00e9 in futuro\u201d, fa sapere nella nota Messina, aggiungendo che \u201cnei prossimi giorni valuter\u00f2 con senso di responsabilit\u00e0 se proseguire il mio mandato parlamentare, continuando a sostenere il presidente Giorgia Meloni e il suo Governo, oppure se concludere anticipatamente questa esperienza, lasciando anche il ruolo da deputato\u201d.<\/p>\n","protected":false},"excerpt":{"rendered":"<p>Il deputato Manlio\u00a0Messina\u00a0lascia\u00a0Fratelli d\u2019Italia. Comunica, con una nota, la sua decisione di rassegnare le dimissioni\u00a0dal gruppo parlamentare. Nel pieno della\u00a0crisi del partito nell\u2019isola\u00a0\u2013 con\u00a0l\u2019inchiesta giudiziaria per\u00a0corruzione\u00a0e\u00a0peculato\u00a0che riguarda, tra gli altri, il presidente dell\u2019Ars\u00a0Gaetano\u00a0Galvagno, considerato\u00a0 delfino di Ignazio\u00a0La\u00a0Russa,arriva cos\u00ec la decisione di Messina: fa anche sapere di stare valutando le dimissioni\u00a0da parlamentare. Non aderir\u00f2 ad altri [&hellip;]<\/p>\n","protected":false},"author":3,"featured_media":3709,"comment_status":"open","ping_status":"closed","sticky":false,"template":"","format":"standard","meta":{"om_disable_all_campaigns":false,"_monsterinsights_skip_tracking":false,"_monsterinsights_sitenote_active":false,"_monsterinsights_sitenote_note":"","_monsterinsights_sitenote_category":0,"_uf_show_specific_survey":0,"_uf_disable_surveys":false,"footnotes":""},"categories":[33],"tags":[],"class_list":{"0":"post-4254","1":"post","2":"type-post","3":"status-publish","4":"format-standard","5":"has-post-thumbnail","7":"category-politica"},"aioseo_notices":[],"_links":{"self":[{"href":"https:\/\/ilsovranista.com\/index.php?rest_route=\/wp\/v2\/posts\/4254","targetHints":{"allow":["GET"]}}],"collection":[{"href":"https:\/\/ilsovranista.com\/index.php?rest_route=\/wp\/v2\/posts"}],"about":[{"href":"https:\/\/ilsovranista.com\/index.php?rest_route=\/wp\/v2\/types\/post"}],"author":[{"embeddable":true,"href":"https:\/\/ilsovranista.com\/index.php?rest_route=\/wp\/v2\/users\/3"}],"replies":[{"embeddable":true,"href":"https:\/\/ilsovranista.com\/index.php?rest_route=%2Fwp%2Fv2%2Fcomments&post=4254"}],"version-history":[{"count":3,"href":"https:\/\/ilsovranista.com\/index.php?rest_route=\/wp\/v2\/posts\/4254\/revisions"}],"predecessor-version":[{"id":4257,"href":"https:\/\/ilsovranista.com\/index.php?rest_route=\/wp\/v2\/posts\/4254\/revisions\/4257"}],"wp:featuredmedia":[{"embeddable":true,"href":"https:\/\/ilsovranista.com\/index.php?rest_route=\/wp\/v2\/media\/3709"}],"wp:attachment":[{"href":"https:\/\/ilsovranista.com\/index.php?rest_route=%2Fwp%2Fv2%2Fmedia&parent=4254"}],"wp:term":[{"taxonomy":"category","embeddable":true,"href":"https:\/\/ilsovranista.com\/index.php?rest_route=%2Fwp%2Fv2%2Fcategories&post=4254"},{"taxonomy":"post_tag","embeddable":true,"href":"https:\/\/ilsovranista.com\/index.php?rest_route=%2Fwp%2Fv2%2Ftags&post=4254"}],"curies":[{"name":"wp","href":"https:\/\/api.w.org\/{rel}","templated":true}]}}