{"id":4221,"date":"2025-07-30T07:15:14","date_gmt":"2025-07-30T05:15:14","guid":{"rendered":"https:\/\/ilsovranista.com\/?p=4221"},"modified":"2025-07-30T07:15:14","modified_gmt":"2025-07-30T05:15:14","slug":"dazi-borchia-lega-sullenergia-capitolazione-della-von-der-leyen","status":"publish","type":"post","link":"https:\/\/ilsovranista.com\/?p=4221","title":{"rendered":"Dazi, Borchia (Lega): sull&#8217;energia capitolazione della Von der Leyen"},"content":{"rendered":"<p><del datetime=\"2025-07-30T05:05:22+00:00\"><\/del>Anni di improvvisazione mascherata da ambientalismo,\u00a0poi la resa: sul fronte energia, la Commissione di Von der Leyen e J\u00f8rgensen dimentica la guerra al gas, svendendo imprese e consumatori europei alla fame di esportazioni di Washington&#8221;. Cos\u00ec <strong>Paolo Borchia<\/strong>, capo delegazione della Lega al Parlamento europeo e coordinatore in commissione Itre (Industria, ricerca ed energia) per i Patrioti per l&#8217;Europa, in merito ai dazi introdotti dagli Stati Uniti nei confronti dell\u2019UE.<\/p>\n<p>Per anni, precisa Borchia, ci hanno raccontato che sarebbero bastate le rinnovabili e i sistemi di accumulo, hanno messo in ginocchio le nostre imprese costringendole a bollette astronomiche. Ricordiamo che il gas naturale liquefatto, la cui produzione statunitense \u00e8 abbondante, ha dei costi industriali molto pi\u00f9 alti rispetto al gas naturale. Von der Leyen e soci, dal piano RePoWer EU in poi, ci avevano promesso costi pi\u00f9 bassi, ora la direzione \u00e8 quella opposta. Restano le fonti fossili, ma a prezzi pi\u00f9\u00a0alti.\u00a0Geniale\u00bb.<\/p>\n<p>&nbsp;<\/p>\n","protected":false},"excerpt":{"rendered":"<p>Anni di improvvisazione mascherata da ambientalismo,\u00a0poi la resa: sul fronte energia, la Commissione di Von der Leyen e J\u00f8rgensen dimentica la guerra al gas, svendendo imprese e consumatori europei alla fame di esportazioni di Washington&#8221;. Cos\u00ec Paolo Borchia, capo delegazione della Lega al Parlamento europeo e coordinatore in commissione Itre (Industria, ricerca ed energia) per [&hellip;]<\/p>\n","protected":false},"author":3,"featured_media":2000,"comment_status":"open","ping_status":"closed","sticky":false,"template":"","format":"standard","meta":{"om_disable_all_campaigns":false,"_monsterinsights_skip_tracking":false,"_monsterinsights_sitenote_active":false,"_monsterinsights_sitenote_note":"","_monsterinsights_sitenote_category":0,"_uf_show_specific_survey":0,"_uf_disable_surveys":false,"footnotes":""},"categories":[33],"tags":[],"class_list":{"0":"post-4221","1":"post","2":"type-post","3":"status-publish","4":"format-standard","5":"has-post-thumbnail","7":"category-politica"},"aioseo_notices":[],"_links":{"self":[{"href":"https:\/\/ilsovranista.com\/index.php?rest_route=\/wp\/v2\/posts\/4221","targetHints":{"allow":["GET"]}}],"collection":[{"href":"https:\/\/ilsovranista.com\/index.php?rest_route=\/wp\/v2\/posts"}],"about":[{"href":"https:\/\/ilsovranista.com\/index.php?rest_route=\/wp\/v2\/types\/post"}],"author":[{"embeddable":true,"href":"https:\/\/ilsovranista.com\/index.php?rest_route=\/wp\/v2\/users\/3"}],"replies":[{"embeddable":true,"href":"https:\/\/ilsovranista.com\/index.php?rest_route=%2Fwp%2Fv2%2Fcomments&post=4221"}],"version-history":[{"count":1,"href":"https:\/\/ilsovranista.com\/index.php?rest_route=\/wp\/v2\/posts\/4221\/revisions"}],"predecessor-version":[{"id":4222,"href":"https:\/\/ilsovranista.com\/index.php?rest_route=\/wp\/v2\/posts\/4221\/revisions\/4222"}],"wp:featuredmedia":[{"embeddable":true,"href":"https:\/\/ilsovranista.com\/index.php?rest_route=\/wp\/v2\/media\/2000"}],"wp:attachment":[{"href":"https:\/\/ilsovranista.com\/index.php?rest_route=%2Fwp%2Fv2%2Fmedia&parent=4221"}],"wp:term":[{"taxonomy":"category","embeddable":true,"href":"https:\/\/ilsovranista.com\/index.php?rest_route=%2Fwp%2Fv2%2Fcategories&post=4221"},{"taxonomy":"post_tag","embeddable":true,"href":"https:\/\/ilsovranista.com\/index.php?rest_route=%2Fwp%2Fv2%2Ftags&post=4221"}],"curies":[{"name":"wp","href":"https:\/\/api.w.org\/{rel}","templated":true}]}}