{"id":4177,"date":"2025-07-28T05:01:52","date_gmt":"2025-07-28T03:01:52","guid":{"rendered":"https:\/\/ilsovranista.com\/?p=4177"},"modified":"2025-07-28T05:01:52","modified_gmt":"2025-07-28T03:01:52","slug":"regionali-in-veneto-labbraccio-mortale-tra-lega-e-fratelli-ditalia-spegne-i-sogni-di-autonomia","status":"publish","type":"post","link":"https:\/\/ilsovranista.com\/?p=4177","title":{"rendered":"Regionali in Veneto, l\u2019abbraccio mortale tra Lega e Fratelli d&#8217;Italia spegne i sogni di autonomia"},"content":{"rendered":"<p>di <strong>Anna Bianchini\u00a0<\/strong><\/p>\n<p>fonte Ecovicentino<\/p>\n<p>A pochissimi mesi dalle elezioni regionali in Veneto ancora non c\u2019\u00e8 un candidato ufficiale per la coalizione di governo,\u00a0 tra accordi in bilico e braccia di ferro alla vigilia delle vacanze. Quel che \u00e8 peggio \u00e8 che non ci sono programmi elettorali, ma questo sembra lasciare indifferenti tutti, perfino gli elettori, costretti ad accontentarsi di banali slogan sulla sicurezza e sulla sanit\u00e0. L\u2019incertezza \u00e8 totale sotto la bandiera del leone, l\u2019unica cosa sicura \u00e8 che di autonomia non se ne parler\u00e0 mai pi\u00f9.<\/p>\n<p>A 8 anni da un referendum che ha registrato il 57,2% dei votati alle urne venete con una eclatante vittoria del s\u00ec (98,1%), dopo un anno e 5 mesi di Lega al governo con il Movimento 5 Stelle e 3 anni di Lega al governo (in carica) con Giorgia Meloni, le speranze dei veneti autonomisti si spegneranno definitivamente, sempre alle urne, con la prossima tornata regionale. Finisce l\u2019era<strong> Zaia<\/strong> e con il quasi certo approdo a Roma del Doge, ai veneti non rester\u00e0 che scegliere se votare tra la Lega Salviniana e statalista, i Fratelli d\u2019Italia (nome omen), quella Forza Italia il cui segretario <strong>Antonio Tajani<\/strong> ha pi\u00f9 volte invocato la centralit\u00e0 del Parlamento o quel PD la cui leader <strong>Elly Schlein<\/strong> ha ribadito sonoramente il suo \u201cno\u201d all\u2019autonomia. L\u2019autonomia differenziata, che era stata scelta dai veneti alle urne, da quegli stessi veneti alle urne verr\u00e0 definitivamente accantonata.<\/p>\n<p>Eppure uno spiraglio di ottimismo per i leghisti-autonomisti si era aperto. La speranza era arrivata dall\u2019autocandidatura a \u2018Doge\u2019 di <strong>Roberto Marcato,<\/strong> da 10 anni assessore veneto di Luca Zaia, in contrasto con la Lega di Salvini tanto da dire \u201cSalvini \u00e8 sempre pi\u00f9 sovranista, con il federalismo della Lega non c\u2019entra nulla\u201d. Candidatura a cui, per mere questioni di tempo, ha fatto seguito la \u201cminaccia\u201d, o boutade sarebbe pi\u00f9 onesto dire, a Roma di Luca Zaia di fare una lista tutta sua che avrebbe potuto fruttare un 40-45% di voti, mettendo di fatto in difficolt\u00e0 Fratelli d\u2019Italia, che in Veneto vorrebbe finalmente piantare la sua bandiera.<\/p>\n<p>In seno alla Lega dura e pura per\u00f2 erano stati in pochi a crederci. \u201cLe rivoluzioni non si fanno a luglio e agosto e Zaia non \u00e8 mai stato un cuor di leone\u201d\u00a0<strong>dice uno storico membro del partito<\/strong>\u00a0a cui riserviamo l\u2019anonimato. \u201cGli onorevoli e i leader della Lega di oggi sono dalla parte di Salvini perch\u00e9 con lui hanno la poltrona garantita. Correre con Marcato e con la lista Zaia significherebbe rinunciare al simbolo. I leghisti di oggi non sono disposti a perdere la poltrona e i loro stipendi, guardano i loro interessi personali. Il tempo delle rivoluzioni \u00e8 finito\u201d.<\/p>\n<p>Alla boutade di Zaia \u00e8 seguita veloce la risposta di Salvini che non intende far vacillare la coalizione di governo a Roma in quanto il Carroccio si trova in una posizione troppo debole rispetto al partito di Giorgia Meloni. Promuovere per rimuovere in ambito aziendale \u00e8 la migliore soluzione per fare uscire di scena i dirigenti scomodi nascondendo la polvere dei dissidi sotto il tappeto. Ed \u00e8 quello che pare voglia fare Matteo Salvini con Luca Zaia che del Presidentissimo veneto, con accorata stima e avvalorando l\u2019ipotesi di un ministero, ha detto \u201cLui potrebbe fare qualsiasi cosa, lo vedrei bene anche con un ruolo nel Governo nazionale\u201d.<\/p>\n<p><strong>Autonomia addio. E il nuovo governo del Veneto nascer\u00e0 azzoppato.<br \/>\n<\/strong>In seno alla Lega in Veneto l\u2019accordo tra Fdi e il Carroccio in vista delle elezioni regionali \u00e8 considerato \u201cun abbraccio mortale\u201d. Se da un lato gli elettori fedeli (e ingenui) auspicano un accordo per non rischiare di perdere la Regione, gli addetti ai lavori sanno bene che qualsiasi accordo prevede stampelle per il sostegno e rospi da digerire. \u201cE per la Lega sar\u00e0 la fine: Lega + Meloni significa inquadrare il Carroccio nell\u2019estrema destra, significa rendere impossibile ogni altra alleanza che non sia Fratelli d\u2019Italia. La fine insomma, definitiva\u201d. A destra in Veneto il futuro \u00e8 facilmente prevedibile: un presidente leghista di facciata, con assessori di FdI che di fatto governano, o un presidente di FdI. Pi\u00f9 probabile la prima, in quanto FdI, con l\u2019uscita di scena di Elena Donazzan, che probabilmente avendo fiutato le incertezze in casa \u00e8 volata a Bruxelles, non ha volti di primo piano.<\/p>\n","protected":false},"excerpt":{"rendered":"<p>di Anna Bianchini\u00a0 fonte Ecovicentino A pochissimi mesi dalle elezioni regionali in Veneto ancora non c\u2019\u00e8 un candidato ufficiale per la coalizione di governo,\u00a0 tra accordi in bilico e braccia di ferro alla vigilia delle vacanze. Quel che \u00e8 peggio \u00e8 che non ci sono programmi elettorali, ma questo sembra lasciare indifferenti tutti, perfino gli [&hellip;]<\/p>\n","protected":false},"author":3,"featured_media":4178,"comment_status":"open","ping_status":"closed","sticky":false,"template":"","format":"standard","meta":{"om_disable_all_campaigns":false,"_monsterinsights_skip_tracking":false,"_monsterinsights_sitenote_active":false,"_monsterinsights_sitenote_note":"","_monsterinsights_sitenote_category":0,"_uf_show_specific_survey":0,"_uf_disable_surveys":false,"footnotes":""},"categories":[33],"tags":[],"class_list":{"0":"post-4177","1":"post","2":"type-post","3":"status-publish","4":"format-standard","5":"has-post-thumbnail","7":"category-politica"},"aioseo_notices":[],"_links":{"self":[{"href":"https:\/\/ilsovranista.com\/index.php?rest_route=\/wp\/v2\/posts\/4177","targetHints":{"allow":["GET"]}}],"collection":[{"href":"https:\/\/ilsovranista.com\/index.php?rest_route=\/wp\/v2\/posts"}],"about":[{"href":"https:\/\/ilsovranista.com\/index.php?rest_route=\/wp\/v2\/types\/post"}],"author":[{"embeddable":true,"href":"https:\/\/ilsovranista.com\/index.php?rest_route=\/wp\/v2\/users\/3"}],"replies":[{"embeddable":true,"href":"https:\/\/ilsovranista.com\/index.php?rest_route=%2Fwp%2Fv2%2Fcomments&post=4177"}],"version-history":[{"count":1,"href":"https:\/\/ilsovranista.com\/index.php?rest_route=\/wp\/v2\/posts\/4177\/revisions"}],"predecessor-version":[{"id":4179,"href":"https:\/\/ilsovranista.com\/index.php?rest_route=\/wp\/v2\/posts\/4177\/revisions\/4179"}],"wp:featuredmedia":[{"embeddable":true,"href":"https:\/\/ilsovranista.com\/index.php?rest_route=\/wp\/v2\/media\/4178"}],"wp:attachment":[{"href":"https:\/\/ilsovranista.com\/index.php?rest_route=%2Fwp%2Fv2%2Fmedia&parent=4177"}],"wp:term":[{"taxonomy":"category","embeddable":true,"href":"https:\/\/ilsovranista.com\/index.php?rest_route=%2Fwp%2Fv2%2Fcategories&post=4177"},{"taxonomy":"post_tag","embeddable":true,"href":"https:\/\/ilsovranista.com\/index.php?rest_route=%2Fwp%2Fv2%2Ftags&post=4177"}],"curies":[{"name":"wp","href":"https:\/\/api.w.org\/{rel}","templated":true}]}}