{"id":4165,"date":"2025-07-27T10:28:44","date_gmt":"2025-07-27T08:28:44","guid":{"rendered":"https:\/\/ilsovranista.com\/?p=4165"},"modified":"2025-07-27T10:28:44","modified_gmt":"2025-07-27T08:28:44","slug":"orban-veto-sul-bilancio-se-lue-non-sblocca-i-fondi","status":"publish","type":"post","link":"https:\/\/ilsovranista.com\/?p=4165","title":{"rendered":"Orban: veto sul bilancio se l&#8217;UE non sblocca i fondi"},"content":{"rendered":"<p><strong>Viktor Orban,<\/strong>premier dell&#8217;Ungheria ha avvertito che non approver\u00e0 il nuovo bilancio settennale della UE se Bruxelles non sbloccher\u00e0 i fondi sospesi per presunte violazioni dello stato di diritto. &#8220;L&#8217;approvazione del bilancio richiede, precisa Orban, l&#8217;unanimit\u00e0 finch\u00e9 non riceveremo i fondi non ci sar\u00e0 alcun bilancio UE<\/p>\n","protected":false},"excerpt":{"rendered":"<p>Viktor Orban,premier dell&#8217;Ungheria ha avvertito che non approver\u00e0 il nuovo bilancio settennale della UE se Bruxelles non sbloccher\u00e0 i fondi sospesi per presunte violazioni dello stato di diritto. &#8220;L&#8217;approvazione del bilancio richiede, precisa Orban, l&#8217;unanimit\u00e0 finch\u00e9 non riceveremo i fondi non ci sar\u00e0 alcun bilancio UE<\/p>\n","protected":false},"author":3,"featured_media":4166,"comment_status":"open","ping_status":"closed","sticky":false,"template":"","format":"standard","meta":{"om_disable_all_campaigns":false,"_monsterinsights_skip_tracking":false,"_monsterinsights_sitenote_active":false,"_monsterinsights_sitenote_note":"","_monsterinsights_sitenote_category":0,"_uf_show_specific_survey":0,"_uf_disable_surveys":false,"footnotes":""},"categories":[275],"tags":[],"class_list":{"0":"post-4165","1":"post","2":"type-post","3":"status-publish","4":"format-standard","5":"has-post-thumbnail","7":"category-europa"},"aioseo_notices":[],"_links":{"self":[{"href":"https:\/\/ilsovranista.com\/index.php?rest_route=\/wp\/v2\/posts\/4165","targetHints":{"allow":["GET"]}}],"collection":[{"href":"https:\/\/ilsovranista.com\/index.php?rest_route=\/wp\/v2\/posts"}],"about":[{"href":"https:\/\/ilsovranista.com\/index.php?rest_route=\/wp\/v2\/types\/post"}],"author":[{"embeddable":true,"href":"https:\/\/ilsovranista.com\/index.php?rest_route=\/wp\/v2\/users\/3"}],"replies":[{"embeddable":true,"href":"https:\/\/ilsovranista.com\/index.php?rest_route=%2Fwp%2Fv2%2Fcomments&post=4165"}],"version-history":[{"count":1,"href":"https:\/\/ilsovranista.com\/index.php?rest_route=\/wp\/v2\/posts\/4165\/revisions"}],"predecessor-version":[{"id":4167,"href":"https:\/\/ilsovranista.com\/index.php?rest_route=\/wp\/v2\/posts\/4165\/revisions\/4167"}],"wp:featuredmedia":[{"embeddable":true,"href":"https:\/\/ilsovranista.com\/index.php?rest_route=\/wp\/v2\/media\/4166"}],"wp:attachment":[{"href":"https:\/\/ilsovranista.com\/index.php?rest_route=%2Fwp%2Fv2%2Fmedia&parent=4165"}],"wp:term":[{"taxonomy":"category","embeddable":true,"href":"https:\/\/ilsovranista.com\/index.php?rest_route=%2Fwp%2Fv2%2Fcategories&post=4165"},{"taxonomy":"post_tag","embeddable":true,"href":"https:\/\/ilsovranista.com\/index.php?rest_route=%2Fwp%2Fv2%2Ftags&post=4165"}],"curies":[{"name":"wp","href":"https:\/\/api.w.org\/{rel}","templated":true}]}}