{"id":4154,"date":"2025-07-27T05:30:51","date_gmt":"2025-07-27T03:30:51","guid":{"rendered":"https:\/\/ilsovranista.com\/?p=4154"},"modified":"2025-07-27T05:30:51","modified_gmt":"2025-07-27T03:30:51","slug":"tajani-riconoscere-palestina-se-loro-riconoscono-israele","status":"publish","type":"post","link":"https:\/\/ilsovranista.com\/?p=4154","title":{"rendered":"Tajani: riconoscere Palestina? Se loro riconoscono Israele"},"content":{"rendered":"<p>Dopo i continui\u00a0<strong>massacri<\/strong>\u00a0nella\u00a0<strong>Striscia<\/strong>\u00a0<strong>di Gaza<\/strong>, dove anche la\u00a0<strong>fame<\/strong>\u00a0viene usata per consumare un\u2019intera popolazione, dagli esponenti del governo arrivano le prime timide condanne.<\/p>\n<p>\u201cNon vogliamo pi\u00f9 vedere\u00a0<strong>bambini morire di fame<\/strong>\u00a0e sotto le bombe.\u00a0<strong>Basta con la carneficina<\/strong>, serve un immediato\u00a0<strong>cessate<\/strong>\u00a0<strong>il<\/strong>\u00a0<strong>fuoco<\/strong>\u201c, ha detto il leader di Forza Italia e ministro degli Esteri\u00a0<strong>Antonio Tajani<\/strong>\u00a0nel suo intervento al Consiglio Nazionale del suo partito, sottolineando comunque che \u201cnoi siamo<strong>\u00a0amici di Israele<\/strong>\u00a0ma lo abbiamo detto a Israele\u201d. Per\u00f2\u00a0mentre\u00a0<strong>Macron<\/strong>\u00a0annuncia il\u00a0<strong>riconoscimento<\/strong>\u00a0della Francia dello\u00a0<strong>Stato<\/strong>\u00a0<strong>di<\/strong>\u00a0<strong>Palestina<\/strong>\u00a0(come\u00a0gi\u00e0 fatto da Spagna, Norvegia e Irlanda), il governo italiano \u00e8 fermo sulla sua posizione. \u00c8 lo stesso Tajani a dichiarare che \u201cl\u2019Italia \u00e8 per la soluzione\u00a0<strong>due<\/strong>\u00a0<strong>popoli<\/strong>\u00a0<strong>e due Stati<\/strong>\u00a0ma il riconoscimento del nuovo stato palestinese deve avvenire in contemporanea con\u00a0<strong>il riconoscimento da parte loro dello Stato di Israele<\/strong>\u201c. \u201cA noi interessa la pace, non la vittoria di uno sull\u2019altro\u201d, ha concluso il leader azzurro&#8221;<\/p>\n","protected":false},"excerpt":{"rendered":"<p>Dopo i continui\u00a0massacri\u00a0nella\u00a0Striscia\u00a0di Gaza, dove anche la\u00a0fame\u00a0viene usata per consumare un\u2019intera popolazione, dagli esponenti del governo arrivano le prime timide condanne. \u201cNon vogliamo pi\u00f9 vedere\u00a0bambini morire di fame\u00a0e sotto le bombe.\u00a0Basta con la carneficina, serve un immediato\u00a0cessate\u00a0il\u00a0fuoco\u201c, ha detto il leader di Forza Italia e ministro degli Esteri\u00a0Antonio Tajani\u00a0nel suo intervento al Consiglio Nazionale del [&hellip;]<\/p>\n","protected":false},"author":3,"featured_media":4155,"comment_status":"open","ping_status":"closed","sticky":false,"template":"","format":"standard","meta":{"om_disable_all_campaigns":false,"_monsterinsights_skip_tracking":false,"_monsterinsights_sitenote_active":false,"_monsterinsights_sitenote_note":"","_monsterinsights_sitenote_category":0,"_uf_show_specific_survey":0,"_uf_disable_surveys":false,"footnotes":""},"categories":[33],"tags":[],"class_list":{"0":"post-4154","1":"post","2":"type-post","3":"status-publish","4":"format-standard","5":"has-post-thumbnail","7":"category-politica"},"aioseo_notices":[],"_links":{"self":[{"href":"https:\/\/ilsovranista.com\/index.php?rest_route=\/wp\/v2\/posts\/4154","targetHints":{"allow":["GET"]}}],"collection":[{"href":"https:\/\/ilsovranista.com\/index.php?rest_route=\/wp\/v2\/posts"}],"about":[{"href":"https:\/\/ilsovranista.com\/index.php?rest_route=\/wp\/v2\/types\/post"}],"author":[{"embeddable":true,"href":"https:\/\/ilsovranista.com\/index.php?rest_route=\/wp\/v2\/users\/3"}],"replies":[{"embeddable":true,"href":"https:\/\/ilsovranista.com\/index.php?rest_route=%2Fwp%2Fv2%2Fcomments&post=4154"}],"version-history":[{"count":1,"href":"https:\/\/ilsovranista.com\/index.php?rest_route=\/wp\/v2\/posts\/4154\/revisions"}],"predecessor-version":[{"id":4156,"href":"https:\/\/ilsovranista.com\/index.php?rest_route=\/wp\/v2\/posts\/4154\/revisions\/4156"}],"wp:featuredmedia":[{"embeddable":true,"href":"https:\/\/ilsovranista.com\/index.php?rest_route=\/wp\/v2\/media\/4155"}],"wp:attachment":[{"href":"https:\/\/ilsovranista.com\/index.php?rest_route=%2Fwp%2Fv2%2Fmedia&parent=4154"}],"wp:term":[{"taxonomy":"category","embeddable":true,"href":"https:\/\/ilsovranista.com\/index.php?rest_route=%2Fwp%2Fv2%2Fcategories&post=4154"},{"taxonomy":"post_tag","embeddable":true,"href":"https:\/\/ilsovranista.com\/index.php?rest_route=%2Fwp%2Fv2%2Ftags&post=4154"}],"curies":[{"name":"wp","href":"https:\/\/api.w.org\/{rel}","templated":true}]}}