{"id":4152,"date":"2025-07-27T05:19:12","date_gmt":"2025-07-27T03:19:12","guid":{"rendered":"https:\/\/ilsovranista.com\/?p=4152"},"modified":"2025-07-27T05:19:12","modified_gmt":"2025-07-27T03:19:12","slug":"salvini-riconoscere-adesso-lo-stato-della-palestina-sarebbe-un-regalo-ad-hamas","status":"publish","type":"post","link":"https:\/\/ilsovranista.com\/?p=4152","title":{"rendered":"Salvini, riconoscere adesso lo Stato della Palestina sarebbe un regalo ad Hamas"},"content":{"rendered":"<p>&#8220;Riconoscerlo adesso \u00e8 un regalo ad Hamas, \u00e8 un regalo ai terroristi islamici&#8221;.<\/p>\n<p>Lo ha affermato <strong>Matteo Salvini,<\/strong> vicepresidente del Consiglio, a proposito dell&#8217;annuncio del presidente francese <strong>Emmanuel Macro<\/strong>n di voler riconoscere lo<strong> Stato di Palestina.<\/strong><\/p>\n<p>Prima si rilasciano gli ostaggi, e prima si scioglie quella che \u00e8 riconosciuta a livello planetario come un&#8217;organizzazione terroristica&#8221;, ha detto a margine di un sopralluogo al cantiere del passante Av di Firenze.<br \/>\n&#8220;E&#8217; come se noi ai tempi avessimo ragionato con le Brigate Rosse &#8211; ha proseguito -, di questo si tratta. Io regali ai terroristi islamici non ne faccio. E&#8217; chiaro che l&#8217;obiettivo finale \u00e8 avere due popoli, due Stati che convivano pacificamente, ovviamente, per\u00f2 che ci siano due popoli, sia i palestinesi che gli israeliani, ostaggio dei terroristi di Hamas, \u00e8 inaccettabile, quindi un riconoscimento adesso \u00e8 sbagliato, soprattutto nei confronti del percorso di pace&#8221;.<\/p>\n","protected":false},"excerpt":{"rendered":"<p>&#8220;Riconoscerlo adesso \u00e8 un regalo ad Hamas, \u00e8 un regalo ai terroristi islamici&#8221;. Lo ha affermato Matteo Salvini, vicepresidente del Consiglio, a proposito dell&#8217;annuncio del presidente francese Emmanuel Macron di voler riconoscere lo Stato di Palestina. Prima si rilasciano gli ostaggi, e prima si scioglie quella che \u00e8 riconosciuta a livello planetario come un&#8217;organizzazione terroristica&#8221;, [&hellip;]<\/p>\n","protected":false},"author":3,"featured_media":4130,"comment_status":"open","ping_status":"closed","sticky":false,"template":"","format":"standard","meta":{"om_disable_all_campaigns":false,"_monsterinsights_skip_tracking":false,"_monsterinsights_sitenote_active":false,"_monsterinsights_sitenote_note":"","_monsterinsights_sitenote_category":0,"_uf_show_specific_survey":0,"_uf_disable_surveys":false,"footnotes":""},"categories":[33],"tags":[],"class_list":{"0":"post-4152","1":"post","2":"type-post","3":"status-publish","4":"format-standard","5":"has-post-thumbnail","7":"category-politica"},"aioseo_notices":[],"_links":{"self":[{"href":"https:\/\/ilsovranista.com\/index.php?rest_route=\/wp\/v2\/posts\/4152","targetHints":{"allow":["GET"]}}],"collection":[{"href":"https:\/\/ilsovranista.com\/index.php?rest_route=\/wp\/v2\/posts"}],"about":[{"href":"https:\/\/ilsovranista.com\/index.php?rest_route=\/wp\/v2\/types\/post"}],"author":[{"embeddable":true,"href":"https:\/\/ilsovranista.com\/index.php?rest_route=\/wp\/v2\/users\/3"}],"replies":[{"embeddable":true,"href":"https:\/\/ilsovranista.com\/index.php?rest_route=%2Fwp%2Fv2%2Fcomments&post=4152"}],"version-history":[{"count":1,"href":"https:\/\/ilsovranista.com\/index.php?rest_route=\/wp\/v2\/posts\/4152\/revisions"}],"predecessor-version":[{"id":4153,"href":"https:\/\/ilsovranista.com\/index.php?rest_route=\/wp\/v2\/posts\/4152\/revisions\/4153"}],"wp:featuredmedia":[{"embeddable":true,"href":"https:\/\/ilsovranista.com\/index.php?rest_route=\/wp\/v2\/media\/4130"}],"wp:attachment":[{"href":"https:\/\/ilsovranista.com\/index.php?rest_route=%2Fwp%2Fv2%2Fmedia&parent=4152"}],"wp:term":[{"taxonomy":"category","embeddable":true,"href":"https:\/\/ilsovranista.com\/index.php?rest_route=%2Fwp%2Fv2%2Fcategories&post=4152"},{"taxonomy":"post_tag","embeddable":true,"href":"https:\/\/ilsovranista.com\/index.php?rest_route=%2Fwp%2Fv2%2Ftags&post=4152"}],"curies":[{"name":"wp","href":"https:\/\/api.w.org\/{rel}","templated":true}]}}