{"id":4025,"date":"2025-07-18T09:34:02","date_gmt":"2025-07-18T07:34:02","guid":{"rendered":"https:\/\/ilsovranista.com\/?p=4025"},"modified":"2025-07-18T09:34:02","modified_gmt":"2025-07-18T07:34:02","slug":"a-milano-con-lidraulicomantovani-nasce-il-team-vannacci","status":"publish","type":"post","link":"https:\/\/ilsovranista.com\/?p=4025","title":{"rendered":"A Milano con &#8221; l&#8217;idraulico&#8221;Mantovani nasce il team Vannacci"},"content":{"rendered":"<p>&nbsp;<\/p>\n<p>Milano, caldo d\u2019estate e fermento politico: attorno a Vannacci si muove la destra che fa politica (e a cui piace l\u2019azione)<br \/>\nA Milano il caldo non \u00e8 solo meteorologico. Qualcosa si muove, per ora, sotto traccia, tra le crepe del centrodestra ufficiale e i margini di una politica che, sebbene governativa, mostra segnali di stanchezza ideologica. \u00c8 nel capoluogo lombardo che si accende, ancora una volta, una scintilla di elaborazione culturale e politica, come \u00e8 sempre stato nella storia della destra pensante italiana. Milano non \u00e8 solo finanza o amministrazione: \u00e8 da decenni la fucina di idee dove la destra ha trovato casa, impulso, rottura e talvolta rinascita. \u00c8 qui che, in queste settimane, un gruppo eterogeneo ma motivato di militanti ha cominciato a ricompattarsi attorno a un nome che divide e scuote: Roberto Vannacci. Il Generale pi\u00f9 famoso d\u2019Italia \u00e8 diventato il catalizzatore di una nuova richiesta politica, un\u2019identit\u00e0 che cerca rappresentanza, ma anche direzione. Tra i protagonisti del fermento milanese spicca Marco Mantovani, ex Ufficiale della Folgore e volto storico della destra milanese, noto anche come capo del gruppo goliardico degli &#8220;Idraulici&#8221;, capaci negli anni di azioni satiriche, come l\u2019affissione di un tricolore di 15 mq, in occasione del Centrnario dell\u2019impresa dannunziana, sul Palazzo del Governatorato di Fiume, o come l\u2019abbordaggio della Open Arms in rada a Lampedusa per protestare contro il traffico di migranti. Irriverenti ma mai banali. Militanti veri, appassionati, spesso pi\u00f9 lucidi e determinati degli apparati ufficiali. Sono proprio loro ad aver costruito, quasi dal nulla, il primo embrione del &#8220;team Vannacci&#8221; in Lombardia, raccogliendo adesioni, alimentando discussioni, ponendo le prime basi di un progetto che potrebbe trasformarsi in qualcosa di molto, molto serio.<br \/>\nMantovani non \u00e8 un nome qualsiasi: \u00e8 stato parte del progetto &#8220;Il Talebano&#8221;, la corrente intellettuale nata all\u2019interno della Lega che per anni ha rappresentato una destra identitaria, sociale, spirituale, controcorrente. Dopo l\u2019esperienza &#8220;Lega\u201d, il sodalizio si \u00e8 interrotto ma non spezzato. Le strade sono rimaste parallele. Militanti e delusi della destra governativa, quella rappresentata da Fratelli d\u2019Italia, osservano il fenomeno con crescente apprensione. L\u2019elettorato di destra non \u00e8 pi\u00f9 monolitico, e dopo le recenti scelte europee \u2013 in particolare il mancato voto per fermare la rielezione della Commissione UE di Ursula von der Leyen \u2013 molti militanti cominciano a sentirsi orfani. &#8220;Non \u00e8 per questo che abbiamo combattuto&#8221;, sussurrano. Vannacci rappresenta, con la sua irruenza e il suo linguaggio diretto, una via d\u2019uscita. O almeno, una scossa.<br \/>\nEd \u00e8 proprio su questo punto che la destra istituzionale rischia: non si pu\u00f2 governare con i numeri della destra e parlare con i toni del centro. L\u2019ambiguit\u00e0 inizia a pesare, e le realt\u00e0 che fino a ieri erano alleate, oggi scalpitano. Le associazioni, i comitati, le anime culturali che hanno sostenuto FDI chiedono chiarezza, visione, coraggio. E alcuni iniziano a guardare altrove. C\u2019\u00e8 un\u2019energia che pulsa. Ci sono uomini, idee, entusiasmo. Ma quello che ancora manca \u00e8 un progetto politico strutturato, credibile, inclusivo e soprattutto vincente. Un contenitore capace di riunire le diverse anime della destra: quella sociale, quella spirituale, quella popolare, quella culturale. Un progetto che superi la logica dell\u2019uomo solo al comando senza annullarne il carisma, e che torni a parlare ai giovani, alle famiglie, al lavoro, alla Patria, alla sovranit\u00e0 culturale e tecnologica.<br \/>\nServe per\u00f2 un passo in pi\u00f9. Dalle goliardate ai manifesti. Dai team spontanei alla progettualit\u00e0 solida. Dalla simpatia al radicamento. A patto che Vannacci non resti solo un personaggio, ma diventi realmente una figura credibile per il futuro della destra politica. La destra italiana si trova a un bivio: continuare a governare a ritmo di compromessi o riconnettersi con la propria base e con i suoi valori fondanti. Milano, come spesso accade nella storia, ha gi\u00e0 cominciato a muoversi. E il termometro politico, pi\u00f9 del meteo, annuncia un\u2019estate rovente.<\/p>\n","protected":false},"excerpt":{"rendered":"<p>&nbsp; Milano, caldo d\u2019estate e fermento politico: attorno a Vannacci si muove la destra che fa politica (e a cui piace l\u2019azione) A Milano il caldo non \u00e8 solo meteorologico. Qualcosa si muove, per ora, sotto traccia, tra le crepe del centrodestra ufficiale e i margini di una politica che, sebbene governativa, mostra segnali di [&hellip;]<\/p>\n","protected":false},"author":3,"featured_media":4028,"comment_status":"open","ping_status":"closed","sticky":false,"template":"","format":"standard","meta":{"om_disable_all_campaigns":false,"_monsterinsights_skip_tracking":false,"_monsterinsights_sitenote_active":false,"_monsterinsights_sitenote_note":"","_monsterinsights_sitenote_category":0,"_uf_show_specific_survey":0,"_uf_disable_surveys":false,"footnotes":""},"categories":[33],"tags":[],"class_list":{"0":"post-4025","1":"post","2":"type-post","3":"status-publish","4":"format-standard","5":"has-post-thumbnail","7":"category-politica"},"aioseo_notices":[],"_links":{"self":[{"href":"https:\/\/ilsovranista.com\/index.php?rest_route=\/wp\/v2\/posts\/4025","targetHints":{"allow":["GET"]}}],"collection":[{"href":"https:\/\/ilsovranista.com\/index.php?rest_route=\/wp\/v2\/posts"}],"about":[{"href":"https:\/\/ilsovranista.com\/index.php?rest_route=\/wp\/v2\/types\/post"}],"author":[{"embeddable":true,"href":"https:\/\/ilsovranista.com\/index.php?rest_route=\/wp\/v2\/users\/3"}],"replies":[{"embeddable":true,"href":"https:\/\/ilsovranista.com\/index.php?rest_route=%2Fwp%2Fv2%2Fcomments&post=4025"}],"version-history":[{"count":1,"href":"https:\/\/ilsovranista.com\/index.php?rest_route=\/wp\/v2\/posts\/4025\/revisions"}],"predecessor-version":[{"id":4026,"href":"https:\/\/ilsovranista.com\/index.php?rest_route=\/wp\/v2\/posts\/4025\/revisions\/4026"}],"wp:featuredmedia":[{"embeddable":true,"href":"https:\/\/ilsovranista.com\/index.php?rest_route=\/wp\/v2\/media\/4028"}],"wp:attachment":[{"href":"https:\/\/ilsovranista.com\/index.php?rest_route=%2Fwp%2Fv2%2Fmedia&parent=4025"}],"wp:term":[{"taxonomy":"category","embeddable":true,"href":"https:\/\/ilsovranista.com\/index.php?rest_route=%2Fwp%2Fv2%2Fcategories&post=4025"},{"taxonomy":"post_tag","embeddable":true,"href":"https:\/\/ilsovranista.com\/index.php?rest_route=%2Fwp%2Fv2%2Ftags&post=4025"}],"curies":[{"name":"wp","href":"https:\/\/api.w.org\/{rel}","templated":true}]}}