{"id":4019,"date":"2025-07-18T05:36:59","date_gmt":"2025-07-18T03:36:59","guid":{"rendered":"https:\/\/ilsovranista.com\/?p=4019"},"modified":"2025-07-18T05:36:59","modified_gmt":"2025-07-18T03:36:59","slug":"milano-tovaglieri-lega-con-sala-la-citta-e-stata-trascinata-su-una-strada-sbagliata","status":"publish","type":"post","link":"https:\/\/ilsovranista.com\/?p=4019","title":{"rendered":"Milano, Tovaglieri (Lega): con Sala la citt\u00e0 \u00e8 stata trascinata su una strada sbagliata"},"content":{"rendered":"<p>&#8220;Sala \u00e8 ufficialmente indagato in quello che si sta rivelando come uno dei pi\u00f9 gravi scandali edilizi di Milano. Le indagini in corso stanno facendo emergere un quadro inquietante, in cui anche il Sindaco risulterebbe coinvolto con due diverse ipotesi di reato. \u00c8 l\u2019ennesima conferma di come Milano, da anni, sia stata trascinata su una strada sbagliata fatta di favoritismi, opacit\u00e0 e interessi privati che calpestano il bene pubblico. Ora la verit\u00e0 sta venendo a galla&#8221;.<\/p>\n<p>Lo scrive su X\u00a0<strong>Isabella Tovaglieri,\u00a0<\/strong>parlamentare europeo della Lega<\/p>\n<p>&nbsp;<\/p>\n","protected":false},"excerpt":{"rendered":"<p>&#8220;Sala \u00e8 ufficialmente indagato in quello che si sta rivelando come uno dei pi\u00f9 gravi scandali edilizi di Milano. Le indagini in corso stanno facendo emergere un quadro inquietante, in cui anche il Sindaco risulterebbe coinvolto con due diverse ipotesi di reato. \u00c8 l\u2019ennesima conferma di come Milano, da anni, sia stata trascinata su una [&hellip;]<\/p>\n","protected":false},"author":3,"featured_media":4020,"comment_status":"open","ping_status":"closed","sticky":false,"template":"","format":"standard","meta":{"om_disable_all_campaigns":false,"_monsterinsights_skip_tracking":false,"_monsterinsights_sitenote_active":false,"_monsterinsights_sitenote_note":"","_monsterinsights_sitenote_category":0,"_uf_show_specific_survey":0,"_uf_disable_surveys":false,"footnotes":""},"categories":[33],"tags":[],"class_list":{"0":"post-4019","1":"post","2":"type-post","3":"status-publish","4":"format-standard","5":"has-post-thumbnail","7":"category-politica"},"aioseo_notices":[],"_links":{"self":[{"href":"https:\/\/ilsovranista.com\/index.php?rest_route=\/wp\/v2\/posts\/4019","targetHints":{"allow":["GET"]}}],"collection":[{"href":"https:\/\/ilsovranista.com\/index.php?rest_route=\/wp\/v2\/posts"}],"about":[{"href":"https:\/\/ilsovranista.com\/index.php?rest_route=\/wp\/v2\/types\/post"}],"author":[{"embeddable":true,"href":"https:\/\/ilsovranista.com\/index.php?rest_route=\/wp\/v2\/users\/3"}],"replies":[{"embeddable":true,"href":"https:\/\/ilsovranista.com\/index.php?rest_route=%2Fwp%2Fv2%2Fcomments&post=4019"}],"version-history":[{"count":1,"href":"https:\/\/ilsovranista.com\/index.php?rest_route=\/wp\/v2\/posts\/4019\/revisions"}],"predecessor-version":[{"id":4021,"href":"https:\/\/ilsovranista.com\/index.php?rest_route=\/wp\/v2\/posts\/4019\/revisions\/4021"}],"wp:featuredmedia":[{"embeddable":true,"href":"https:\/\/ilsovranista.com\/index.php?rest_route=\/wp\/v2\/media\/4020"}],"wp:attachment":[{"href":"https:\/\/ilsovranista.com\/index.php?rest_route=%2Fwp%2Fv2%2Fmedia&parent=4019"}],"wp:term":[{"taxonomy":"category","embeddable":true,"href":"https:\/\/ilsovranista.com\/index.php?rest_route=%2Fwp%2Fv2%2Fcategories&post=4019"},{"taxonomy":"post_tag","embeddable":true,"href":"https:\/\/ilsovranista.com\/index.php?rest_route=%2Fwp%2Fv2%2Ftags&post=4019"}],"curies":[{"name":"wp","href":"https:\/\/api.w.org\/{rel}","templated":true}]}}