{"id":4010,"date":"2025-07-17T22:34:36","date_gmt":"2025-07-17T20:34:36","guid":{"rendered":"https:\/\/ilsovranista.com\/?p=4010"},"modified":"2025-07-17T22:34:36","modified_gmt":"2025-07-17T20:34:36","slug":"vannacci-lega-caso-gergiev-persa-misura-pensiero-unico-mascherato-da-democrazia","status":"publish","type":"post","link":"https:\/\/ilsovranista.com\/?p=4010","title":{"rendered":"Vannacci (Lega): &#8220;Caso Gergiev? Persa misura, pensiero unico mascherato da democrazia&#8221;"},"content":{"rendered":"<p>&#8220;Il\u00a0<span id=\"U111975598374u2\">caso <strong>Gergiev<\/strong>\u00a0<\/span>va ben oltre una semplice polemica su un concerto. Rappresenta un vero e proprio termometro di una societ\u00e0 che ha perso il senso della misura, della proporzionalit\u00e0 e della giustizia&#8221;. Lo dice ai colleghi dell&#8217; AdnKronos, <span id=\"U111975598374jrC\"><strong>Roberto Vannacci<\/strong>, vicesegretario della Lega e eurodeputato del Carroccio<\/span>, commentando\u00a0il caso del direttore d&#8217;orchestra russo invitato a Caserta, al centro delle polemiche\u00a0per il suo presunto filo-putinismo. Quanto avviene &#8220;\u00e8 il simbolo di un&#8217;Europa che, nel tentativo di combattere l&#8217;autoritarismo altrui, ha finito per sviluppare un suo particolare tipo di autoritarismo, quello del pensiero unico mascherato da democrazia&#8221;.<\/p>\n<p>Questa volta il caso \u00e8 pi\u00f9 emblematico e grottesco. C\u2019\u00e8 un direttore d\u2019orchestra, Valery Gergiev, che viene sottoposto a una gogna mediatica perch\u00e9 doveva esibirsi alla Reggia di Caserta, dopo un invito ricevuto dalla Regione Campania. Il suo crimine per\u00f2 \u00e8 ben pi\u00f9 grave: essere russo e non aver rinnegato pubblicamente Putin&#8221;, avverte l&#8217;ex capo della Folgore. Nella valutazione di Vannacci il crimine di Gergiev &#8220;cos\u00ec come platealmente denunciato da eurodeputati del Pd come Pina Picierno, \u00e8 quello di far parte della &#8216;casta di sostenitori di Putin&#8217; insieme &#8216;ai complici dei crimini di guerra&#8217;. \u00c8 difficile pensare che Picierno abbia fatto questa dichiarazione senza un motivo preciso: evidentemente aveva bisogno di visibilit\u00e0 mediatica a buon mercato visto che, evidentemente, non ha altre occasioni per apparire. E infatti, l&#8217;Unione Europea ha dimostrato la sua straordinaria eleganza diplomatica &#8216;avvisando&#8217; De Luca che &#8216;non va dato spazio ad artisti che sostengono ad oltranza Putin'&#8221;.<\/p>\n","protected":false},"excerpt":{"rendered":"<p>&#8220;Il\u00a0caso Gergiev\u00a0va ben oltre una semplice polemica su un concerto. Rappresenta un vero e proprio termometro di una societ\u00e0 che ha perso il senso della misura, della proporzionalit\u00e0 e della giustizia&#8221;. Lo dice ai colleghi dell&#8217; AdnKronos, Roberto Vannacci, vicesegretario della Lega e eurodeputato del Carroccio, commentando\u00a0il caso del direttore d&#8217;orchestra russo invitato a Caserta, [&hellip;]<\/p>\n","protected":false},"author":3,"featured_media":4011,"comment_status":"open","ping_status":"closed","sticky":false,"template":"","format":"standard","meta":{"om_disable_all_campaigns":false,"_monsterinsights_skip_tracking":false,"_monsterinsights_sitenote_active":false,"_monsterinsights_sitenote_note":"","_monsterinsights_sitenote_category":0,"_uf_show_specific_survey":0,"_uf_disable_surveys":false,"footnotes":""},"categories":[33],"tags":[],"class_list":{"0":"post-4010","1":"post","2":"type-post","3":"status-publish","4":"format-standard","5":"has-post-thumbnail","7":"category-politica"},"aioseo_notices":[],"_links":{"self":[{"href":"https:\/\/ilsovranista.com\/index.php?rest_route=\/wp\/v2\/posts\/4010","targetHints":{"allow":["GET"]}}],"collection":[{"href":"https:\/\/ilsovranista.com\/index.php?rest_route=\/wp\/v2\/posts"}],"about":[{"href":"https:\/\/ilsovranista.com\/index.php?rest_route=\/wp\/v2\/types\/post"}],"author":[{"embeddable":true,"href":"https:\/\/ilsovranista.com\/index.php?rest_route=\/wp\/v2\/users\/3"}],"replies":[{"embeddable":true,"href":"https:\/\/ilsovranista.com\/index.php?rest_route=%2Fwp%2Fv2%2Fcomments&post=4010"}],"version-history":[{"count":1,"href":"https:\/\/ilsovranista.com\/index.php?rest_route=\/wp\/v2\/posts\/4010\/revisions"}],"predecessor-version":[{"id":4012,"href":"https:\/\/ilsovranista.com\/index.php?rest_route=\/wp\/v2\/posts\/4010\/revisions\/4012"}],"wp:featuredmedia":[{"embeddable":true,"href":"https:\/\/ilsovranista.com\/index.php?rest_route=\/wp\/v2\/media\/4011"}],"wp:attachment":[{"href":"https:\/\/ilsovranista.com\/index.php?rest_route=%2Fwp%2Fv2%2Fmedia&parent=4010"}],"wp:term":[{"taxonomy":"category","embeddable":true,"href":"https:\/\/ilsovranista.com\/index.php?rest_route=%2Fwp%2Fv2%2Fcategories&post=4010"},{"taxonomy":"post_tag","embeddable":true,"href":"https:\/\/ilsovranista.com\/index.php?rest_route=%2Fwp%2Fv2%2Ftags&post=4010"}],"curies":[{"name":"wp","href":"https:\/\/api.w.org\/{rel}","templated":true}]}}