{"id":4007,"date":"2025-07-18T00:28:37","date_gmt":"2025-07-17T22:28:37","guid":{"rendered":"https:\/\/ilsovranista.com\/?p=4007"},"modified":"2025-07-17T22:31:26","modified_gmt":"2025-07-17T20:31:26","slug":"pac-deramo-non-tradire-impegni-presi-con-agricoltori-e-pescatori-europei","status":"publish","type":"post","link":"https:\/\/ilsovranista.com\/?p=4007","title":{"rendered":"Pac, D\u2019Eramo: Non tradire impegni presi con agricoltori e pescatori europei"},"content":{"rendered":"<nav class=\"site-header py-3\">\n<div class=\"container\">\n<div class=\"row\"><\/div>\n<\/div>\n<\/nav>\n<div class=\"container-fluid px-0 align-items-end hp-article-main\">\n<div class=\"container text-left\">\n<div class=\"row\">\n<div class=\"col py-3 cat-2\"><\/div>\n<\/div>\n<\/div>\n<\/div>\n<div class=\"container\">\n<div class=\"row\">\n<article class=\"col-md-9 py-3 cat-2\">&nbsp;<\/p>\n<div class=\"elementToProof\">\u201cOra pi\u00f9 che mai non si possono tradire gli impegni presi con agricoltori, allevatori e pescatori europei. Depotenziare la Politica agricola comune \u2013 uno dei primi pilastri su cui \u00e8 nata l\u2019Ue \u2013 unendola in un fondo unico significa non solo cancellare oltre 60 anni di storia, ma mettere a rischio sicurezza e sovranit\u00e0 alimentare degli Stati membri e il loro futuro. La proposta, come \u00e8 stata presentata dalla Commissione Ue non pu\u00f2 essere soddisfacente non solo per agricoltori, pescatori e Regioni, ma anche per i cittadini, la cui salute e qualit\u00e0 di vita dipendono anche dall\u2019alimentazione\u201d. Lo afferma il sottosegretario all\u2019Agricoltura, sovranit\u00e0 alimentare e foreste, <strong>Luigi<\/strong> <strong>D\u2019Eramo,<\/strong> esponente della <strong>Lega<\/strong> commentando la presentazione della proposta di bilancio pluriennale 2028-2034 da parte della Commissione Ue.<\/div>\n<div class=\"elementToProof\">\u201cUrsula Von der Leyen, precisa D&#8217;Eramo si era impegnata in questo mandato a cambiare direzione, restituendo al settore Primario centralit\u00e0, dopo che per anni \u00e8 stato messo in difficolt\u00e0 da divieti, burocrazia e Green deal, da norme guidate dall\u2019ideologia e scollegate dalla realt\u00e0\u00a0 Alla prova dei fatti, invece, si penalizza un asset strategico e fondamentale. E proprio in un momento in cui si affrontano crisi geopolitiche e climatiche e una delicata situazione per quanto riguarda gli scambi commerciali internazionali. Faremo tutto il possibile perch\u00e9 si possa arrivare a delle modifiche cos\u00ec da poter scongiurare gravi conseguenze per l\u2019economia, l\u2019occupazione e la salvaguardia dei territori, a partire dalle aree interne e rurali. Lavoreremo perch\u00e9 la Pac non sia indebolita ma potenziata, continuando a sostenere chi con il suo lavoro garantisce ai cittadini italiani ed europei cibo sicuro e di qualit\u00e0\u201d.<\/div>\n<\/article>\n<\/div>\n<\/div>\n","protected":false},"excerpt":{"rendered":"<p>&nbsp; \u201cOra pi\u00f9 che mai non si possono tradire gli impegni presi con agricoltori, allevatori e pescatori europei. Depotenziare la Politica agricola comune \u2013 uno dei primi pilastri su cui \u00e8 nata l\u2019Ue \u2013 unendola in un fondo unico significa non solo cancellare oltre 60 anni di storia, ma mettere a rischio sicurezza e sovranit\u00e0 [&hellip;]<\/p>\n","protected":false},"author":3,"featured_media":4008,"comment_status":"open","ping_status":"closed","sticky":false,"template":"","format":"standard","meta":{"om_disable_all_campaigns":false,"_monsterinsights_skip_tracking":false,"_monsterinsights_sitenote_active":false,"_monsterinsights_sitenote_note":"","_monsterinsights_sitenote_category":0,"_uf_show_specific_survey":0,"_uf_disable_surveys":false,"footnotes":""},"categories":[33],"tags":[],"class_list":{"0":"post-4007","1":"post","2":"type-post","3":"status-publish","4":"format-standard","5":"has-post-thumbnail","7":"category-politica"},"aioseo_notices":[],"_links":{"self":[{"href":"https:\/\/ilsovranista.com\/index.php?rest_route=\/wp\/v2\/posts\/4007","targetHints":{"allow":["GET"]}}],"collection":[{"href":"https:\/\/ilsovranista.com\/index.php?rest_route=\/wp\/v2\/posts"}],"about":[{"href":"https:\/\/ilsovranista.com\/index.php?rest_route=\/wp\/v2\/types\/post"}],"author":[{"embeddable":true,"href":"https:\/\/ilsovranista.com\/index.php?rest_route=\/wp\/v2\/users\/3"}],"replies":[{"embeddable":true,"href":"https:\/\/ilsovranista.com\/index.php?rest_route=%2Fwp%2Fv2%2Fcomments&post=4007"}],"version-history":[{"count":1,"href":"https:\/\/ilsovranista.com\/index.php?rest_route=\/wp\/v2\/posts\/4007\/revisions"}],"predecessor-version":[{"id":4009,"href":"https:\/\/ilsovranista.com\/index.php?rest_route=\/wp\/v2\/posts\/4007\/revisions\/4009"}],"wp:featuredmedia":[{"embeddable":true,"href":"https:\/\/ilsovranista.com\/index.php?rest_route=\/wp\/v2\/media\/4008"}],"wp:attachment":[{"href":"https:\/\/ilsovranista.com\/index.php?rest_route=%2Fwp%2Fv2%2Fmedia&parent=4007"}],"wp:term":[{"taxonomy":"category","embeddable":true,"href":"https:\/\/ilsovranista.com\/index.php?rest_route=%2Fwp%2Fv2%2Fcategories&post=4007"},{"taxonomy":"post_tag","embeddable":true,"href":"https:\/\/ilsovranista.com\/index.php?rest_route=%2Fwp%2Fv2%2Ftags&post=4007"}],"curies":[{"name":"wp","href":"https:\/\/api.w.org\/{rel}","templated":true}]}}