{"id":3995,"date":"2025-07-17T22:15:49","date_gmt":"2025-07-17T20:15:49","guid":{"rendered":"https:\/\/ilsovranista.com\/?p=3995"},"modified":"2025-07-17T22:17:04","modified_gmt":"2025-07-17T20:17:04","slug":"componente-staff-aggredito-da-extracomunitari-nappi-lega-degrado-centro-direzionale-fotografia-inefficienza-di-amministrazione-comunale","status":"publish","type":"post","link":"https:\/\/ilsovranista.com\/?p=3995","title":{"rendered":"Componente staff aggredito da extracomunitari, Nappi (Lega): degrado Centro Direzionale fotografia inefficienza di Amministrazione comunale"},"content":{"rendered":"<p>\u201cUn componente del mio staff politico \u00e8 stato aggredito pochi minuti fa lungo una delle rampe di accesso al Centro Direzionale, malmenato e depredato del telefono, da un gruppo di giovani criminali di origine extracomunitaria. \u00c8 solo grazie al tempestivo intervento degli agenti della polizia di Stato, a cui va il mio pi\u00f9 sentito ringraziamento, se non si registrano ulteriori gravi conseguenze oltre alle ferite riportate dalla vittima nel corso del raid. I poliziotti hanno fermato uno degli aggressori e sono gi\u00e0 sulle tracce degli altri balordi dileguatisi dopo aver messo a segno il colpo. \u00c8 inconcepibile che ci\u00f2 accada in pieno giorno, in un\u2019area frequentata da tantissime persone, \u00e8 evidente che parliamo di una porzione di citt\u00e0 in cui il degrado crescente e inarrestabile, la totale assenza di programmazione, l\u2019abbandono, le condizioni pietose in cui versa sia di notte che di giorno, sono la fotografia dell\u2019inefficienza dell\u2019attuale Amministrazione comunale di Napoli e della sua indifferenza per il territorio e per i cittadini\u201d.<\/p>\n<p>Lo denuncia in una nota, diffusa alla stampa,\u00a0<strong>Severino Nappi,\u00a0<\/strong>capogruppo della\u00a0<strong>Lega\u00a0<\/strong>in consiglio regionale<\/p>\n","protected":false},"excerpt":{"rendered":"<p>\u201cUn componente del mio staff politico \u00e8 stato aggredito pochi minuti fa lungo una delle rampe di accesso al Centro Direzionale, malmenato e depredato del telefono, da un gruppo di giovani criminali di origine extracomunitaria. \u00c8 solo grazie al tempestivo intervento degli agenti della polizia di Stato, a cui va il mio pi\u00f9 sentito ringraziamento, [&hellip;]<\/p>\n","protected":false},"author":3,"featured_media":3996,"comment_status":"open","ping_status":"closed","sticky":false,"template":"","format":"standard","meta":{"om_disable_all_campaigns":false,"_monsterinsights_skip_tracking":false,"_monsterinsights_sitenote_active":false,"_monsterinsights_sitenote_note":"","_monsterinsights_sitenote_category":0,"_uf_show_specific_survey":0,"_uf_disable_surveys":false,"footnotes":""},"categories":[36],"tags":[],"class_list":{"0":"post-3995","1":"post","2":"type-post","3":"status-publish","4":"format-standard","5":"has-post-thumbnail","7":"category-prima-i-territori"},"aioseo_notices":[],"_links":{"self":[{"href":"https:\/\/ilsovranista.com\/index.php?rest_route=\/wp\/v2\/posts\/3995","targetHints":{"allow":["GET"]}}],"collection":[{"href":"https:\/\/ilsovranista.com\/index.php?rest_route=\/wp\/v2\/posts"}],"about":[{"href":"https:\/\/ilsovranista.com\/index.php?rest_route=\/wp\/v2\/types\/post"}],"author":[{"embeddable":true,"href":"https:\/\/ilsovranista.com\/index.php?rest_route=\/wp\/v2\/users\/3"}],"replies":[{"embeddable":true,"href":"https:\/\/ilsovranista.com\/index.php?rest_route=%2Fwp%2Fv2%2Fcomments&post=3995"}],"version-history":[{"count":1,"href":"https:\/\/ilsovranista.com\/index.php?rest_route=\/wp\/v2\/posts\/3995\/revisions"}],"predecessor-version":[{"id":3997,"href":"https:\/\/ilsovranista.com\/index.php?rest_route=\/wp\/v2\/posts\/3995\/revisions\/3997"}],"wp:featuredmedia":[{"embeddable":true,"href":"https:\/\/ilsovranista.com\/index.php?rest_route=\/wp\/v2\/media\/3996"}],"wp:attachment":[{"href":"https:\/\/ilsovranista.com\/index.php?rest_route=%2Fwp%2Fv2%2Fmedia&parent=3995"}],"wp:term":[{"taxonomy":"category","embeddable":true,"href":"https:\/\/ilsovranista.com\/index.php?rest_route=%2Fwp%2Fv2%2Fcategories&post=3995"},{"taxonomy":"post_tag","embeddable":true,"href":"https:\/\/ilsovranista.com\/index.php?rest_route=%2Fwp%2Fv2%2Ftags&post=3995"}],"curies":[{"name":"wp","href":"https:\/\/api.w.org\/{rel}","templated":true}]}}