{"id":3978,"date":"2025-07-17T05:20:49","date_gmt":"2025-07-17T03:20:49","guid":{"rendered":"https:\/\/ilsovranista.com\/?p=3978"},"modified":"2025-07-17T05:20:49","modified_gmt":"2025-07-17T03:20:49","slug":"veneto-fumata-grigia-a-destra-ma-la-lega-resta-favorita","status":"publish","type":"post","link":"https:\/\/ilsovranista.com\/?p=3978","title":{"rendered":"Veneto, fumata grigia a destra. Ma la Lega resta favorita"},"content":{"rendered":"<p>di <strong>Andrea Carugati<\/strong><\/p>\n<p>fonte Il Manifesto<\/p>\n<p>A conti fatti, l\u2019unica regione dove il centrodestra ha la quasi certezza di vincere (se non si divider\u00e0) \u00e8 il<strong> Veneto<\/strong>. E della regione locomotiva del nordest hanno discusso ieri Meloni, Salvini e Tajani nel vertice di pranzo a palazzo Chigi. \u00ab\u00c9 andata benissimo\u00bb, gongola Salvini. E ribadisce: \u00abSquadra che vince non si cambia\u00bb. \u00ab Non abbiamo parlato di regionali\u00bb, spiega Tajani ai cronisti. Difficile credergli.<\/p>\n<p>Di certo l\u2019intesa non c\u2019\u00e8 ancora. Ma c\u2019\u00e8 uno schema confermato da fonti di maggioranza: il Veneto, salvo colpi di scena, rester\u00e0 alla Lega. Meloni, nonostante i numeri delle europee pongano Fdi molto davanti al partito di Salvini (37,6 contro 18,8%), avrebbe deciso di lasciare la regione all\u2019alleato, consapevole che per il capitano leghista perdere il Veneto sarebbe una debacle. Il nome in pole position \u00e8 quello del vicesegretario, e leader regionale, Alberto Stefani.<\/p>\n<p>Non \u00e8 quello pi\u00f9 gradito all\u2019uscente Zaia, e neppure al corpaccione autonomista che non risponde direttamente a Salvini. Ma il segretario non ha alcuna intenzione di giocarsi il bonus concessogli da Meloni per un candidato che non risponda direttamente a lui. L\u2019altro nome sul tavolo \u00e8 quello dell\u2019assessore allo Sviluppo Roberto Marcato, che ha un forte consenso tra i leghisti veneti. Ma non \u00e8 un salviniano doc.<\/p>\n<p><strong>L\u2019ACCORDO ANCORA NON \u00c8<\/strong>\u00a0chiuso. E bisogna capire cosa vorr\u00e0 fare Zaia: il capolista di una sua civica a sostegno del candidato presidente, in attesa delle politiche del 2027? Oppure il ministro dell\u2019Agricoltura, tema a lui molto caro, in caso di rimpasto di governo? Salvini gi avrebbe garantito che si muover\u00e0 per portarlo al governo.<\/p>\n<p>Ma Meloni di rimpasti non ne vuole sentir parlare. Dunque \u00e8 assai probabile che il \u00abDoge\u00bb si ricandidi alle regionali, magari puntando a un assessorato di peso. \u00abLa mia civica esiste da sempre, \u00e8 un segno di attenzione nei confronti di quei veneti che non votano a destra. Nel 2020 ha raccolto oltre al 44% dei voti, ora vedremo che cosa accadr\u00e0 nei tavoli nazionali\u00bb, ha detto ieri in un\u2019intervista.<\/p>\n<p><strong>MELONI NON HA ANCORA<\/strong>\u00a0del tutto rinunciato all\u2019idea di prendersi una grande regione del Nord, e cos\u00ec i tre leader della destra hanno deciso di rivedersi luned\u00ec. In ballo anche l\u2019ipotesi che in Campania corra il ministro dell\u2019Interno Matteo Piantedosi, che finora ha respinto con forza le avances.<\/p>\n<p>Se alla fine dovesse cedere, si aprirebbe davvero al rimpasto, con l\u2019ingresso di Zaia al governo (il ritorno all\u2019Agricoltura dove era stato con il governo Berlusconi) e il possibile trasloco di Francesco Lollobrigida agli Interni. Ipotesi che viene per\u00f2 considerata improbabile visto che quel posto lo rivendica Matteo Salvini. In ogni caso il centrosinistra ha gi\u00e0 schierato Giovanni Manildo, che nel 2013 strapp\u00f2 Treviso al leghista Gentilini.<\/p>\n<p><strong>PER LE DESTRE LA SOLUZIONE<\/strong>\u00a0sembra essere pi\u00f9 semplice in Puglia e Toscana, dove le destre hanno assai meno chance di vincere. In Puglia dovrebbe correre il deputato forzista Mauro D\u2019Attis, in una sfida che appare improba se Antonio Decaro scioglier\u00e0 la riserva e si candider\u00e0 per il campo progressista. In Toscana, sfida ancor pi\u00f9 impossibile di quella pugliese, il nome che circola \u00e8 quello del sindaco di Pistoia Alessandro Tomasi, che \u00e8 gi\u00e0 in tour per la regione al grido di \u00abOra o mai pi\u00f9, l\u2019alternanza fa bene a tutti. Io credo che se tutti gli astenuti andassero a votare 8 su10 voterebbero per noi\u00bb. In Campania, in assenza di Piantedosi, dovrebbe correre il viceministro degli Esteri Edmondo Cirielli di Fdi.<\/p>\n<p><strong>IL PD PER ORA<\/strong>\u00a0ha congelato l\u2019autocandidatura del presidente uscente Eugenio Giani, in attesa del via di libera di Conte, che passa in primo luogo dall\u2019ok al suo Roberto Fico in Campania. \u00abNoi veniamo da cinque anni di opposizione alla giunta Giani e abbiamo chiesto dei forti segnali di rinnovamento. Adesso valuteremo se questi segnali arriveranno, anche alla luce anche dei confronti interni al Pd\u00bb, ha detto ieri il Leader del M5S .<\/p>\n<p>In Campania la strada per Fico (dopo l\u2019incontro tra Conte e De Luca) appare in discesa, ma l\u2019accordo non \u00e8 ancora chiuso. E c\u2019\u00e8 da capire anche quale sar\u00e0 la data delle elezioni. Se Marche e Toscana gi\u00e0 hanno indicato rispettivamente, fine settembre e il 12 ottobre, nel centrodestra si continua a ragionare su un election day a fine ottobre.<\/p>\n","protected":false},"excerpt":{"rendered":"<p>di Andrea Carugati fonte Il Manifesto A conti fatti, l\u2019unica regione dove il centrodestra ha la quasi certezza di vincere (se non si divider\u00e0) \u00e8 il Veneto. E della regione locomotiva del nordest hanno discusso ieri Meloni, Salvini e Tajani nel vertice di pranzo a palazzo Chigi. \u00ab\u00c9 andata benissimo\u00bb, gongola Salvini. E ribadisce: \u00abSquadra [&hellip;]<\/p>\n","protected":false},"author":3,"featured_media":3979,"comment_status":"open","ping_status":"closed","sticky":false,"template":"","format":"standard","meta":{"om_disable_all_campaigns":false,"_monsterinsights_skip_tracking":false,"_monsterinsights_sitenote_active":false,"_monsterinsights_sitenote_note":"","_monsterinsights_sitenote_category":0,"_uf_show_specific_survey":0,"_uf_disable_surveys":false,"footnotes":""},"categories":[33],"tags":[],"class_list":{"0":"post-3978","1":"post","2":"type-post","3":"status-publish","4":"format-standard","5":"has-post-thumbnail","7":"category-politica"},"aioseo_notices":[],"_links":{"self":[{"href":"https:\/\/ilsovranista.com\/index.php?rest_route=\/wp\/v2\/posts\/3978","targetHints":{"allow":["GET"]}}],"collection":[{"href":"https:\/\/ilsovranista.com\/index.php?rest_route=\/wp\/v2\/posts"}],"about":[{"href":"https:\/\/ilsovranista.com\/index.php?rest_route=\/wp\/v2\/types\/post"}],"author":[{"embeddable":true,"href":"https:\/\/ilsovranista.com\/index.php?rest_route=\/wp\/v2\/users\/3"}],"replies":[{"embeddable":true,"href":"https:\/\/ilsovranista.com\/index.php?rest_route=%2Fwp%2Fv2%2Fcomments&post=3978"}],"version-history":[{"count":1,"href":"https:\/\/ilsovranista.com\/index.php?rest_route=\/wp\/v2\/posts\/3978\/revisions"}],"predecessor-version":[{"id":3980,"href":"https:\/\/ilsovranista.com\/index.php?rest_route=\/wp\/v2\/posts\/3978\/revisions\/3980"}],"wp:featuredmedia":[{"embeddable":true,"href":"https:\/\/ilsovranista.com\/index.php?rest_route=\/wp\/v2\/media\/3979"}],"wp:attachment":[{"href":"https:\/\/ilsovranista.com\/index.php?rest_route=%2Fwp%2Fv2%2Fmedia&parent=3978"}],"wp:term":[{"taxonomy":"category","embeddable":true,"href":"https:\/\/ilsovranista.com\/index.php?rest_route=%2Fwp%2Fv2%2Fcategories&post=3978"},{"taxonomy":"post_tag","embeddable":true,"href":"https:\/\/ilsovranista.com\/index.php?rest_route=%2Fwp%2Fv2%2Ftags&post=3978"}],"curies":[{"name":"wp","href":"https:\/\/api.w.org\/{rel}","templated":true}]}}