{"id":3958,"date":"2025-07-15T20:50:03","date_gmt":"2025-07-15T18:50:03","guid":{"rendered":"https:\/\/ilsovranista.com\/?p=3958"},"modified":"2025-07-15T20:50:03","modified_gmt":"2025-07-15T18:50:03","slug":"immigrazione-ambrogio-fdi-il-modello-meloni-diventa-riferimento-europeo","status":"publish","type":"post","link":"https:\/\/ilsovranista.com\/?p=3958","title":{"rendered":"Immigrazione. Ambrogio (Fdi): il modello Meloni diventa riferimento europeo"},"content":{"rendered":"<p>\u201cPer anni, chi in Italia, a partire dalla Presidente Giorgia Meloni, ha osato denunciare le falle del sistema d\u2019asilo, chiedendo un approccio pi\u00f9 realistico alla gestione dei flussi migratori, \u00e8 stato etichettato come \u201cpopulista\u201d o accusato di fomentare l\u2019odio. Oggi proprio quelle stesse analisi e proposte vengono riconosciute a livello internazionale come modelli concreti e necessari. La presa di posizione di The Economist, storica voce del liberalismo globale, parla chiaro: il sistema dell\u2019asilo va radicalmente ripensato. Un concetto che la Presidente Meloni ha sostenuto fin dall\u2019inizio del suo mandato, con il coraggio di chi governa la realt\u00e0 e non le illusioni ideologiche\u201d.<\/p>\n<p>Ad affermarlo <strong>Paola Ambrogio<\/strong>, Senatore di <strong>Fratelli d\u2019Italia<\/strong> e componente della Commissione Bilancio di Palazzo Madama.<\/p>\n<p>\u201cIl modello Albania promosso dall\u2019Italia \u2013 continua la Ambrogio \u2013 \u00e8 \u00a0ora indicato dalla stampa anglosassone come un esempio virtuoso di gestione responsabile e innovativa dei flussi migratori. Una soluzione che separa il diritto alla protezione dalla migrazione economica irregolare e che oggi, anche nei consessi europei, viene guardata come un possibile standard\u201d.<\/p>\n<div class=\"google-auto-placed ap_container\"><ins class=\"adsbygoogle adsbygoogle-noablate\" data-ad-format=\"auto\" data-ad-client=\"ca-pub-7361324528896963\" data-adsbygoogle-status=\"done\" data-ad-status=\"unfilled\"><\/p>\n<div id=\"aswift_2_host\"><iframe id=\"aswift_2\" tabindex=\"0\" title=\"Advertisement\" src=\"https:\/\/googleads.g.doubleclick.net\/pagead\/ads?gdpr=1&amp;us_privacy=1---&amp;gdpr_consent=CQUO7sAQUO7sAEsACBITByFoAP_gAEPgABCYK1ID_C7EbCFCiDp3IKMEMAhHABBAYsAwAAYBAwAADBIQIAQCgkEYBASAFCACCAAAKASBAAAgCAAAAUAAIAAVAABAAAwAIBAIIAAAgAAAAEAIAAAACIAAEQCAAAAEAEAAkAgAAAIASAAAAAAAAACBAAAAAAAAAAAAAAAABAAAAQAAQAAAAAAAiAAAAAAAABAIAAAAAAAAAAAAAAAAAAAAAAgAAAAAAAAAABAAAAAAAQR2QD-F2I2EKFEHCuQUYIYBCuACAAxYBgAAwCBgAAGCQgQAgFJIIkCAEAIEAAEAAAQAgCAABQABAAAIAAAAAqAACAABgAQCAQQIABAAAAgIAAAAAAEQAAIgEAAAAIAIABABAAAAQAkAAAAAAAAAECAAAAAAAAAAAAAAAAAAAAAEABgAAAAAABEAAAAAAAACAQIAAA&amp;addtl_consent=2~61.89.122.184.196.230.314.318.442.445.494.550.576.1029.1033.1046.1047.1051.1097.1126.1166.1301.1342.1415.1725.1765.1942.1958.1987.2068.2072.2074.2107.2213.2219.2223.2224.2328.2331.2387.2416.2501.2567.2568.2575.2657.2686.2778.2869.2878.2908.2920.2963.3005.3023.3100.3126.3219.3234.3235.3253.3309.3731.6931.8931.13731.15731~dv.&amp;gpp_sid=-1&amp;client=ca-pub-7361324528896963&amp;output=html&amp;h=280&amp;adk=1310121546&amp;adf=110773348&amp;pi=t.aa~a.2560856976~i.4~rp.4&amp;w=748&amp;abgtt=6&amp;fwrn=4&amp;fwrnh=100&amp;lmt=1752605300&amp;num_ads=1&amp;rafmt=1&amp;armr=3&amp;sem=mc&amp;pwprc=5158842932&amp;ad_type=text_image&amp;format=748x280&amp;url=https%3A%2F%2Fwww.lavocedelpatriota.it%2Fimmigrazione-ambrogio-fdi-il-modello-meloni-diventa-riferimento-europeo-liberismo-progressista-in-cortocircuito-da-economist-definitiva-consacrazione%2F&amp;fwr=0&amp;pra=3&amp;rh=187&amp;rw=748&amp;rpe=1&amp;resp_fmts=3&amp;wgl=1&amp;fa=27&amp;uach=WyJXaW5kb3dzIiwiMTAuMC4wIiwieDg2IiwiIiwiMTM4LjAuNzIwNC4xMDEiLG51bGwsMCxudWxsLCI2NCIsW1siTm90KUE7QnJhbmQiLCI4LjAuMC4wIl0sWyJDaHJvbWl1bSIsIjEzOC4wLjcyMDQuMTAxIl0sWyJHb29nbGUgQ2hyb21lIiwiMTM4LjAuNzIwNC4xMDEiXV0sMF0.&amp;dt=1752605303928&amp;bpp=1&amp;bdt=3141&amp;idt=1&amp;shv=r20250714&amp;mjsv=m202507140101&amp;ptt=9&amp;saldr=aa&amp;abxe=1&amp;cookie_enabled=1&amp;eo_id_str=ID%3Da102bd03d246c733%3AT%3D1752514686%3ART%3D1752605272%3AS%3DAA-AfjasAQof72ZYAd4HIspjanpe&amp;prev_fmts=0x0%2C1164x280&amp;nras=3&amp;correlator=2449694180186&amp;frm=20&amp;pv=1&amp;u_tz=120&amp;u_his=6&amp;u_h=768&amp;u_w=1024&amp;u_ah=728&amp;u_aw=1024&amp;u_cd=24&amp;u_sd=1&amp;dmc=8&amp;adx=48&amp;ady=1953&amp;biw=1009&amp;bih=641&amp;scr_x=0&amp;scr_y=0&amp;eid=31093423%2C42531706%2C95353387%2C95362655%2C95364960%2C95365461%2C95365880%2C95366347%2C31093448%2C95359266%2C95366368%2C31092547&amp;oid=2&amp;pvsid=6747352902750451&amp;tmod=638500120&amp;uas=0&amp;nvt=1&amp;ref=https%3A%2F%2Fwww.lavocedelpatriota.it%2Fargomenti%2Fpolitica%2F&amp;fc=1408&amp;brdim=0%2C0%2C0%2C0%2C1024%2C0%2C1024%2C728%2C1024%2C641&amp;vis=1&amp;rsz=%7C%7Cs%7C&amp;abl=NS&amp;fu=128&amp;bc=31&amp;bz=1&amp;td=1&amp;tdf=2&amp;psd=W251bGwsbnVsbCxudWxsLDNd&amp;nt=1&amp;pgls=CAA.~CAA.&amp;ifi=3&amp;uci=a!3&amp;btvi=1&amp;fsb=1&amp;dtd=8\" name=\"aswift_2\" width=\"748\" height=\"0\" frameborder=\"0\" marginwidth=\"0\" marginheight=\"0\" scrolling=\"no\" sandbox=\"allow-forms allow-popups allow-popups-to-escape-sandbox allow-same-origin allow-scripts allow-top-navigation-by-user-activation\" data-google-container-id=\"a!3\" aria-label=\"Advertisement\" data-load-complete=\"true\" data-google-query-id=\"CLrT0cTDv44DFYJeHgIdIxMm5A\" data-mce-fragment=\"1\"><\/iframe><\/div>\n<p><\/ins><\/div>\n<p>\u201cI dati \u2013 chiude la Ambrogio \u2013 confermano questa linea: calo degli sbarchi dalla Libia, accordi bilaterali concreti con Tunisia, Egitto, Albania e Ruanda, centralit\u00e0 italiana nelle politiche europee di controllo delle frontiere. Non \u00e8 pi\u00f9 il tempo delle accuse o della propaganda, il governo Meloni non solo aveva ragione, ma ha imposto una svolta culturale in Europa: quella di un\u2019Europa che non subisce la realt\u00e0, ma la affronta e la governa. Ancora una volta l\u2019Italia, l\u2019Italia dei Patrioti, ha saputo arrivare prima\u201d<\/p>\n","protected":false},"excerpt":{"rendered":"<p>\u201cPer anni, chi in Italia, a partire dalla Presidente Giorgia Meloni, ha osato denunciare le falle del sistema d\u2019asilo, chiedendo un approccio pi\u00f9 realistico alla gestione dei flussi migratori, \u00e8 stato etichettato come \u201cpopulista\u201d o accusato di fomentare l\u2019odio. Oggi proprio quelle stesse analisi e proposte vengono riconosciute a livello internazionale come modelli concreti e [&hellip;]<\/p>\n","protected":false},"author":3,"featured_media":3959,"comment_status":"open","ping_status":"closed","sticky":false,"template":"","format":"standard","meta":{"om_disable_all_campaigns":false,"_monsterinsights_skip_tracking":false,"_monsterinsights_sitenote_active":false,"_monsterinsights_sitenote_note":"","_monsterinsights_sitenote_category":0,"_uf_show_specific_survey":0,"_uf_disable_surveys":false,"footnotes":""},"categories":[33],"tags":[],"class_list":{"0":"post-3958","1":"post","2":"type-post","3":"status-publish","4":"format-standard","5":"has-post-thumbnail","7":"category-politica"},"aioseo_notices":[],"_links":{"self":[{"href":"https:\/\/ilsovranista.com\/index.php?rest_route=\/wp\/v2\/posts\/3958","targetHints":{"allow":["GET"]}}],"collection":[{"href":"https:\/\/ilsovranista.com\/index.php?rest_route=\/wp\/v2\/posts"}],"about":[{"href":"https:\/\/ilsovranista.com\/index.php?rest_route=\/wp\/v2\/types\/post"}],"author":[{"embeddable":true,"href":"https:\/\/ilsovranista.com\/index.php?rest_route=\/wp\/v2\/users\/3"}],"replies":[{"embeddable":true,"href":"https:\/\/ilsovranista.com\/index.php?rest_route=%2Fwp%2Fv2%2Fcomments&post=3958"}],"version-history":[{"count":1,"href":"https:\/\/ilsovranista.com\/index.php?rest_route=\/wp\/v2\/posts\/3958\/revisions"}],"predecessor-version":[{"id":3960,"href":"https:\/\/ilsovranista.com\/index.php?rest_route=\/wp\/v2\/posts\/3958\/revisions\/3960"}],"wp:featuredmedia":[{"embeddable":true,"href":"https:\/\/ilsovranista.com\/index.php?rest_route=\/wp\/v2\/media\/3959"}],"wp:attachment":[{"href":"https:\/\/ilsovranista.com\/index.php?rest_route=%2Fwp%2Fv2%2Fmedia&parent=3958"}],"wp:term":[{"taxonomy":"category","embeddable":true,"href":"https:\/\/ilsovranista.com\/index.php?rest_route=%2Fwp%2Fv2%2Fcategories&post=3958"},{"taxonomy":"post_tag","embeddable":true,"href":"https:\/\/ilsovranista.com\/index.php?rest_route=%2Fwp%2Fv2%2Ftags&post=3958"}],"curies":[{"name":"wp","href":"https:\/\/api.w.org\/{rel}","templated":true}]}}