{"id":3952,"date":"2025-07-15T20:37:46","date_gmt":"2025-07-15T18:37:46","guid":{"rendered":"https:\/\/ilsovranista.com\/?p=3952"},"modified":"2025-07-15T20:37:46","modified_gmt":"2025-07-15T18:37:46","slug":"regione-campania-da-fratelli-ditalia-a-italia-viva-lultimo-approdo-del-consigliere-di-scala","status":"publish","type":"post","link":"https:\/\/ilsovranista.com\/?p=3952","title":{"rendered":"Regione Campania, da Fratelli d&#8217;Italia a Italia Viva: l&#8217;ultimo approdo del consigliere Di Scala"},"content":{"rendered":"<p>\u201cLascio Fratelli d\u2019Italia. La scelta non \u00e8 stata semplice, n\u00e9 improvvisa. \u00c8 il frutto di una riflessione profonda, maturata nel tempo, nel rispetto di un percorso politico che al tempo ho sentito di poter condividere. Tuttavia, credo che ogni impegno politico, per essere autentico e coerente, debba poggiare su un principio fondamentale: la possibilit\u00e0 di rappresentare, in modo pieno ed efficace, la comunit\u00e0 da cui si proviene e alla quale si intende dare voce. Quando questa agibilit\u00e0, per motivi organizzativi, per dinamiche interne o semplicemente per una diversa visione strategica, fa fatica ad esprimersi, \u00e8 doveroso interrogarsi sul proprio ruolo\u201d.<\/p>\n<p>Lo sostiene, in una nota, la consigliera regionale della Campania <strong>Maria Grazia Di Scala<\/strong> in un comunicato.<\/p>\n<p>Per questo, precisa <strong>Di Scala<\/strong>, ho avvertito la necessit\u00e0 di rientrare in uno spazio politico in cui potessi esercitare con maggiore libert\u00e0 e coerenza il mio mandato di rappresentanza, lavorando sui temi che sempre considero prioritari: le politiche per i territori, la promozione del principio di continuit\u00e0 territoriale delle isole e di tutela delle aree disagiate.\u00a0 Per queste ragioni, ho deciso di aderire al progetto politico di Italia Viva, che a mio avviso, rappresenta oggi, con Matteo Renzi, un laboratorio aperto, moderato e riformista e profondamente attento alle istanze dei singoli territori.<\/p>\n<p>&nbsp;<\/p>\n","protected":false},"excerpt":{"rendered":"<p>\u201cLascio Fratelli d\u2019Italia. La scelta non \u00e8 stata semplice, n\u00e9 improvvisa. \u00c8 il frutto di una riflessione profonda, maturata nel tempo, nel rispetto di un percorso politico che al tempo ho sentito di poter condividere. Tuttavia, credo che ogni impegno politico, per essere autentico e coerente, debba poggiare su un principio fondamentale: la possibilit\u00e0 di [&hellip;]<\/p>\n","protected":false},"author":3,"featured_media":3953,"comment_status":"open","ping_status":"closed","sticky":false,"template":"","format":"standard","meta":{"om_disable_all_campaigns":false,"_monsterinsights_skip_tracking":false,"_monsterinsights_sitenote_active":false,"_monsterinsights_sitenote_note":"","_monsterinsights_sitenote_category":0,"_uf_show_specific_survey":0,"_uf_disable_surveys":false,"footnotes":""},"categories":[36],"tags":[],"class_list":{"0":"post-3952","1":"post","2":"type-post","3":"status-publish","4":"format-standard","5":"has-post-thumbnail","7":"category-prima-i-territori"},"aioseo_notices":[],"_links":{"self":[{"href":"https:\/\/ilsovranista.com\/index.php?rest_route=\/wp\/v2\/posts\/3952","targetHints":{"allow":["GET"]}}],"collection":[{"href":"https:\/\/ilsovranista.com\/index.php?rest_route=\/wp\/v2\/posts"}],"about":[{"href":"https:\/\/ilsovranista.com\/index.php?rest_route=\/wp\/v2\/types\/post"}],"author":[{"embeddable":true,"href":"https:\/\/ilsovranista.com\/index.php?rest_route=\/wp\/v2\/users\/3"}],"replies":[{"embeddable":true,"href":"https:\/\/ilsovranista.com\/index.php?rest_route=%2Fwp%2Fv2%2Fcomments&post=3952"}],"version-history":[{"count":1,"href":"https:\/\/ilsovranista.com\/index.php?rest_route=\/wp\/v2\/posts\/3952\/revisions"}],"predecessor-version":[{"id":3954,"href":"https:\/\/ilsovranista.com\/index.php?rest_route=\/wp\/v2\/posts\/3952\/revisions\/3954"}],"wp:featuredmedia":[{"embeddable":true,"href":"https:\/\/ilsovranista.com\/index.php?rest_route=\/wp\/v2\/media\/3953"}],"wp:attachment":[{"href":"https:\/\/ilsovranista.com\/index.php?rest_route=%2Fwp%2Fv2%2Fmedia&parent=3952"}],"wp:term":[{"taxonomy":"category","embeddable":true,"href":"https:\/\/ilsovranista.com\/index.php?rest_route=%2Fwp%2Fv2%2Fcategories&post=3952"},{"taxonomy":"post_tag","embeddable":true,"href":"https:\/\/ilsovranista.com\/index.php?rest_route=%2Fwp%2Fv2%2Ftags&post=3952"}],"curies":[{"name":"wp","href":"https:\/\/api.w.org\/{rel}","templated":true}]}}