{"id":3944,"date":"2025-07-15T05:38:20","date_gmt":"2025-07-15T03:38:20","guid":{"rendered":"https:\/\/ilsovranista.com\/?p=3944"},"modified":"2025-07-15T05:38:20","modified_gmt":"2025-07-15T03:38:20","slug":"governo-scerra-m5s-salvini-e-la-lega-delle-ipocrisie","status":"publish","type":"post","link":"https:\/\/ilsovranista.com\/?p=3944","title":{"rendered":"Governo, Scerra (M5S): Salvini e la Lega delle ipocrisie"},"content":{"rendered":"<p>\u201cIl ministro Giorgetti e la premier Meloni nei mesi scorsi hanno approvato un Patto di stabilit\u00e0 che impone a tutti i Paesi europei regole durissime e proprie della stagione dell\u2019austerit\u00e0, quella che ha messo a rischio la stessa esistenza della nostra Unione Europea. Lo hanno fatto con l\u2019opposizione durissima del Movimento 5 Stelle che a tutti i livelli ha contestato quell\u2019accordo. Ora ci troviamo davanti all\u2019attacco di Trump alla nostra economia con l\u2019annuncio di durissimi dazi al 30% ai Paesi europei. E cosa dice il vicepremier Matteo Salvini? Lo stesso che si occupa di tutto fuorch\u00e9 dei trasporti in tilt ci dice che bisogna sospendere il Patto di stabilit\u00e0. Lo stesso Patto di stabilit\u00e0 firmato dal suo braccio destro Giorgetti. Salvini attacca Giorgetti, attacca la Lega, attacca Meloni. Di fatto ammette gli errori madornali compiuti dal suo governo. Quella di Salvini \u00e8 una sfiducia al suo ministro dell\u2019Economia. Questo \u00e8 un governo di incompetenti. Chiedano scusa agli italiani. Facciano un passo indietro prima che sia troppo tardi\u201d.<br \/>\nLo scrive su Facebook il capogruppo M5S in Commissione Politiche Ue Camera, <strong>Filippo Scerra<\/strong>.<\/p>\n","protected":false},"excerpt":{"rendered":"<p>\u201cIl ministro Giorgetti e la premier Meloni nei mesi scorsi hanno approvato un Patto di stabilit\u00e0 che impone a tutti i Paesi europei regole durissime e proprie della stagione dell\u2019austerit\u00e0, quella che ha messo a rischio la stessa esistenza della nostra Unione Europea. Lo hanno fatto con l\u2019opposizione durissima del Movimento 5 Stelle che a [&hellip;]<\/p>\n","protected":false},"author":3,"featured_media":3945,"comment_status":"open","ping_status":"closed","sticky":false,"template":"","format":"standard","meta":{"om_disable_all_campaigns":false,"_monsterinsights_skip_tracking":false,"_monsterinsights_sitenote_active":false,"_monsterinsights_sitenote_note":"","_monsterinsights_sitenote_category":0,"_uf_show_specific_survey":0,"_uf_disable_surveys":false,"footnotes":""},"categories":[33],"tags":[],"class_list":{"0":"post-3944","1":"post","2":"type-post","3":"status-publish","4":"format-standard","5":"has-post-thumbnail","7":"category-politica"},"aioseo_notices":[],"_links":{"self":[{"href":"https:\/\/ilsovranista.com\/index.php?rest_route=\/wp\/v2\/posts\/3944","targetHints":{"allow":["GET"]}}],"collection":[{"href":"https:\/\/ilsovranista.com\/index.php?rest_route=\/wp\/v2\/posts"}],"about":[{"href":"https:\/\/ilsovranista.com\/index.php?rest_route=\/wp\/v2\/types\/post"}],"author":[{"embeddable":true,"href":"https:\/\/ilsovranista.com\/index.php?rest_route=\/wp\/v2\/users\/3"}],"replies":[{"embeddable":true,"href":"https:\/\/ilsovranista.com\/index.php?rest_route=%2Fwp%2Fv2%2Fcomments&post=3944"}],"version-history":[{"count":1,"href":"https:\/\/ilsovranista.com\/index.php?rest_route=\/wp\/v2\/posts\/3944\/revisions"}],"predecessor-version":[{"id":3946,"href":"https:\/\/ilsovranista.com\/index.php?rest_route=\/wp\/v2\/posts\/3944\/revisions\/3946"}],"wp:featuredmedia":[{"embeddable":true,"href":"https:\/\/ilsovranista.com\/index.php?rest_route=\/wp\/v2\/media\/3945"}],"wp:attachment":[{"href":"https:\/\/ilsovranista.com\/index.php?rest_route=%2Fwp%2Fv2%2Fmedia&parent=3944"}],"wp:term":[{"taxonomy":"category","embeddable":true,"href":"https:\/\/ilsovranista.com\/index.php?rest_route=%2Fwp%2Fv2%2Fcategories&post=3944"},{"taxonomy":"post_tag","embeddable":true,"href":"https:\/\/ilsovranista.com\/index.php?rest_route=%2Fwp%2Fv2%2Ftags&post=3944"}],"curies":[{"name":"wp","href":"https:\/\/api.w.org\/{rel}","templated":true}]}}