{"id":3918,"date":"2025-07-13T07:22:21","date_gmt":"2025-07-13T05:22:21","guid":{"rendered":"https:\/\/ilsovranista.com\/?p=3918"},"modified":"2025-07-13T07:22:21","modified_gmt":"2025-07-13T05:22:21","slug":"dazi-malan-fdi-governo-meloni-da-sempre-impenato-perche-dialogo-vada-avanti","status":"publish","type":"post","link":"https:\/\/ilsovranista.com\/?p=3918","title":{"rendered":"Dazi. Malan (FdI): governo Meloni da sempre impenato perch\u00e9 dialogo vada avanti"},"content":{"rendered":"<p>Il governo <strong>Meloni<\/strong> fin dal primo momento, ha affrontato il tema dazi con senso di responsabilit\u00e0 e pragmatismo per tutelare l\u2019interesse nazionale e le nostre imprese. E lo ha fatto anche quando mesi fa le opposizioni invocavano l\u2019adozione di contro-dazi, peraltro subito bocciati da tutti gli imprenditori e le parti sociali. Il governo, perci\u00f2, continuer\u00e0 a spendersi affinch\u00e8 il dialogo vada avanti, e sosterr\u00e0 con determinazione il lavoro della Commissione Europea per scongiurare una guerra commerciale che avrebbe conseguenze negative per tutti. E l\u2019auspicio \u00e8 che anche le opposizioni lavorino in tal senso: dividersi su un tema strategico per il futuro dell\u2019Italia e dell\u2019Europa non sarebbe soltanto provinciale ma anche avventato. Quanto a una riduzione della iper regolamentazione europea sarebbe un vantaggio per tutti.\u201d<\/p>\n<p>Lo dichiara\u00a0<strong>Lucio Malan\u00a0<\/strong>presidente dei senatori di\u00a0<strong>Fratelli d&#8217;Italia<\/strong><\/p>\n","protected":false},"excerpt":{"rendered":"<p>Il governo Meloni fin dal primo momento, ha affrontato il tema dazi con senso di responsabilit\u00e0 e pragmatismo per tutelare l\u2019interesse nazionale e le nostre imprese. E lo ha fatto anche quando mesi fa le opposizioni invocavano l\u2019adozione di contro-dazi, peraltro subito bocciati da tutti gli imprenditori e le parti sociali. Il governo, perci\u00f2, continuer\u00e0 [&hellip;]<\/p>\n","protected":false},"author":3,"featured_media":3202,"comment_status":"open","ping_status":"closed","sticky":false,"template":"","format":"standard","meta":{"om_disable_all_campaigns":false,"_monsterinsights_skip_tracking":false,"_monsterinsights_sitenote_active":false,"_monsterinsights_sitenote_note":"","_monsterinsights_sitenote_category":0,"_uf_show_specific_survey":0,"_uf_disable_surveys":false,"footnotes":""},"categories":[33],"tags":[],"class_list":{"0":"post-3918","1":"post","2":"type-post","3":"status-publish","4":"format-standard","5":"has-post-thumbnail","7":"category-politica"},"aioseo_notices":[],"_links":{"self":[{"href":"https:\/\/ilsovranista.com\/index.php?rest_route=\/wp\/v2\/posts\/3918","targetHints":{"allow":["GET"]}}],"collection":[{"href":"https:\/\/ilsovranista.com\/index.php?rest_route=\/wp\/v2\/posts"}],"about":[{"href":"https:\/\/ilsovranista.com\/index.php?rest_route=\/wp\/v2\/types\/post"}],"author":[{"embeddable":true,"href":"https:\/\/ilsovranista.com\/index.php?rest_route=\/wp\/v2\/users\/3"}],"replies":[{"embeddable":true,"href":"https:\/\/ilsovranista.com\/index.php?rest_route=%2Fwp%2Fv2%2Fcomments&post=3918"}],"version-history":[{"count":1,"href":"https:\/\/ilsovranista.com\/index.php?rest_route=\/wp\/v2\/posts\/3918\/revisions"}],"predecessor-version":[{"id":3919,"href":"https:\/\/ilsovranista.com\/index.php?rest_route=\/wp\/v2\/posts\/3918\/revisions\/3919"}],"wp:featuredmedia":[{"embeddable":true,"href":"https:\/\/ilsovranista.com\/index.php?rest_route=\/wp\/v2\/media\/3202"}],"wp:attachment":[{"href":"https:\/\/ilsovranista.com\/index.php?rest_route=%2Fwp%2Fv2%2Fmedia&parent=3918"}],"wp:term":[{"taxonomy":"category","embeddable":true,"href":"https:\/\/ilsovranista.com\/index.php?rest_route=%2Fwp%2Fv2%2Fcategories&post=3918"},{"taxonomy":"post_tag","embeddable":true,"href":"https:\/\/ilsovranista.com\/index.php?rest_route=%2Fwp%2Fv2%2Ftags&post=3918"}],"curies":[{"name":"wp","href":"https:\/\/api.w.org\/{rel}","templated":true}]}}