{"id":3883,"date":"2025-07-11T11:04:47","date_gmt":"2025-07-11T09:04:47","guid":{"rendered":"https:\/\/ilsovranista.com\/?p=3883"},"modified":"2025-07-11T11:04:47","modified_gmt":"2025-07-11T09:04:47","slug":"comunali-roma-2027-la-lega-lancia-la-sfida-a-gualtieri","status":"publish","type":"post","link":"https:\/\/ilsovranista.com\/?p=3883","title":{"rendered":"Comunali Roma 2027, la Lega lancia la sfida a Gualtieri"},"content":{"rendered":"<p>la Lega lancia la sua campagna elettorale per le amministrative del 2027 della citt\u00e0 eterna. Mentre Gualtieri punta al secondo mandato consecutivo e ai dieci anni di guida della Capitale, il centrodestra si prepara a fargli uno scherzo. Prima Fratelli d&#8217;Italia con la sua festa romana all&#8217;Eur, adesso la Lega con un primo incontro al Fleming: &#8220;Iniziamo a parlare del candidato, dobbiamo trovarlo con un anno di anticipo&#8221; sprona i suoi il segretario laziale Davide Bordoni.<\/p>\n<p>Un obiettivo condiviso con gli alleati di Fratelli d&#8217;Italia Un nome non c&#8217;\u00e8, ancora, ma entro la prossima primavera dovr\u00e0 arrivare e mettere d&#8217;accordo tutti. Per ora, a mettere d&#8217;accordo \u00e8 l&#8217;azione dell&#8217;attuale Sindaco, totalmente bocciata dall&#8217;opposizione di centro destra<\/p>\n","protected":false},"excerpt":{"rendered":"<p>la Lega lancia la sua campagna elettorale per le amministrative del 2027 della citt\u00e0 eterna. Mentre Gualtieri punta al secondo mandato consecutivo e ai dieci anni di guida della Capitale, il centrodestra si prepara a fargli uno scherzo. Prima Fratelli d&#8217;Italia con la sua festa romana all&#8217;Eur, adesso la Lega con un primo incontro al [&hellip;]<\/p>\n","protected":false},"author":3,"featured_media":3698,"comment_status":"open","ping_status":"closed","sticky":false,"template":"","format":"standard","meta":{"om_disable_all_campaigns":false,"_monsterinsights_skip_tracking":false,"_monsterinsights_sitenote_active":false,"_monsterinsights_sitenote_note":"","_monsterinsights_sitenote_category":0,"_uf_show_specific_survey":0,"_uf_disable_surveys":false,"footnotes":""},"categories":[36],"tags":[],"class_list":{"0":"post-3883","1":"post","2":"type-post","3":"status-publish","4":"format-standard","5":"has-post-thumbnail","7":"category-prima-i-territori"},"aioseo_notices":[],"_links":{"self":[{"href":"https:\/\/ilsovranista.com\/index.php?rest_route=\/wp\/v2\/posts\/3883","targetHints":{"allow":["GET"]}}],"collection":[{"href":"https:\/\/ilsovranista.com\/index.php?rest_route=\/wp\/v2\/posts"}],"about":[{"href":"https:\/\/ilsovranista.com\/index.php?rest_route=\/wp\/v2\/types\/post"}],"author":[{"embeddable":true,"href":"https:\/\/ilsovranista.com\/index.php?rest_route=\/wp\/v2\/users\/3"}],"replies":[{"embeddable":true,"href":"https:\/\/ilsovranista.com\/index.php?rest_route=%2Fwp%2Fv2%2Fcomments&post=3883"}],"version-history":[{"count":1,"href":"https:\/\/ilsovranista.com\/index.php?rest_route=\/wp\/v2\/posts\/3883\/revisions"}],"predecessor-version":[{"id":3884,"href":"https:\/\/ilsovranista.com\/index.php?rest_route=\/wp\/v2\/posts\/3883\/revisions\/3884"}],"wp:featuredmedia":[{"embeddable":true,"href":"https:\/\/ilsovranista.com\/index.php?rest_route=\/wp\/v2\/media\/3698"}],"wp:attachment":[{"href":"https:\/\/ilsovranista.com\/index.php?rest_route=%2Fwp%2Fv2%2Fmedia&parent=3883"}],"wp:term":[{"taxonomy":"category","embeddable":true,"href":"https:\/\/ilsovranista.com\/index.php?rest_route=%2Fwp%2Fv2%2Fcategories&post=3883"},{"taxonomy":"post_tag","embeddable":true,"href":"https:\/\/ilsovranista.com\/index.php?rest_route=%2Fwp%2Fv2%2Ftags&post=3883"}],"curies":[{"name":"wp","href":"https:\/\/api.w.org\/{rel}","templated":true}]}}