{"id":3858,"date":"2025-07-10T19:38:00","date_gmt":"2025-07-10T17:38:00","guid":{"rendered":"https:\/\/ilsovranista.com\/?p=3858"},"modified":"2025-07-10T19:38:00","modified_gmt":"2025-07-10T17:38:00","slug":"caso-alemanno-storace-la-destra-non-abbia-paura-e-dica-si-agli-sconti-di-pena","status":"publish","type":"post","link":"https:\/\/ilsovranista.com\/?p=3858","title":{"rendered":"Caso Alemanno, Storace: \u00abLa destra non abbia paura e dica s\u00ec agli sconti di pena\u00bb"},"content":{"rendered":"<p>di Paola Sacchi<\/p>\n<p>\u00ab<strong>Gianni Alemanno<\/strong>\u00a0pi\u00f9 che un detenuto \u00e8 un prigioniero\u00bb Sul caso dell\u2019ex sindaco di Roma, ex parlamentare e ministro del governo\u00a0<strong>Berlusconi<\/strong>, tutt\u2019ora a\u00a0<strong>Rebibbia\u00a0<\/strong>a causa del mancato rispetto della pena dei servizi sociali per una condanna definitiva relativa a traffico di influenze nell\u2019ambito della cosiddetta inchiesta Mafia capitale &#8211; torna a parlare con\u00a0<em>Il Dubbio<\/em>\u00a0<strong>Francesco Storace.<\/strong><\/p>\n<p><strong>Storace, lei in un post su X in questi giorni ha scritto: \u00abGianni Alemanno non \u00e8 un corpo estraneo a destra. E la denuncia non pu\u00f2 essere raccolta solo a sinistra. E\u2019 ora di una battaglia comune. il carcere \u00e8 un luogo di detenzione e non di tortura. Chiedono umanit\u00e0 e non impunit\u00e0\u00bb. Finora sono stati di pi\u00f9 gli interventi di sinistra che di destra, in effetti\u2026<\/strong><\/p>\n<p>Comunque in carcere sono andati a trovarlo molti esponenti di centrodestra come Maurizio Gasparri, Paolo Trancassini\u2026 Tra le voci di sinistra c\u2019\u00e8 stata anche Monica Cirinn\u00e0 che era in consiglio comunale a Roma all\u2019opposizione di Alemanno sindaco. Per\u00f2 evidentemente o a essere ottimisti non si vuole sprecare un\u2019 occasione che si pu\u00f2 verificare e quindi \u00e8 meglio non apparire e lavorare sotto traccia magari per portare a casa la proposta di legge Giachetti che \u00e8 l\u2019 ampliamento della legge Gozzini, oppure c\u2019\u00e8 chi magari dice di no perch\u00e9 la vive come una cosa contro il proprio schieramento e sarebbe abbastanza cinico questo.<\/p>\n<p><strong>Intanto, il presidente della Camera, Lorenzo Fontana (espresso dalla Lega, ndr) come aveva gi\u00e0 fatto il presidente del Senato Ignazio La Russa (FdI, ndr), \u00e8 andato a Rebibbia. Che impressione le hanno fatto quelle foto mentre parla con Alemanno, sotto tutti i riflettori?<\/strong><\/p>\n<p>\u00c8 stata un\u2019immagine molto forte, molto bella quel colloquio sotto le telecamere. Fontana ha dato un segnale fortissimo. Essendo andato a trovare Alemanno e quel cortile lo ho visto, la scena la ho rivissuta anche fisicamente. Cos\u00ec come \u00e8 stato importante il colloquio che La Russa ha avuto con Roberto Giachetti ( deputato di Iv, ndr) e con Rita Bernardini ( storica esponente radicale, ndr). Ecco, io ora spero che tutto questo movimento dei vertici della Repubblica possa servire a smuovere le acque delle istituzioni.<\/p>\n<p><strong>Cosa si aspetta?<\/strong><\/p>\n<p>Io vedo solo un percorso: la commissione per la legge Giachetti che amplia alcuni premi per chi merita. Cosa ben diversa dall\u2019aprire una stagione perdonista con amnistia e indulto ai quali io stesso sarei con-tra-rio. Ma se chi sta in carcere accetta un percorso di rieducazione per avere un premio per la semilibert\u00e0 un tot di giorni all\u2019anno, io credo che questa sia una proposta civile.<\/p>\n<p><strong>Ma non crede che la destra sia un po\u2019 troppo prigioniera della sua pur giusta battaglia sulla certezza della pena che rischia per\u00f2 di trasformarsi in giustizialismo?<\/strong><\/p>\n<p>S\u00ec, questo \u00e8 un tema che c\u2019\u00e8 tutto ed io spero che si riesca a superarlo. Ma non \u00e8 un retaggio giustizialista. Attenzione, vorrei ricordare che ad esempio sull\u2019indulto io e Alemanno ci esprimemmo in modo diverso: io a favore e lui contrario. Credo peraltro che sia una questione che nemmeno tocca Alemanno.<\/p>\n<p><strong>Il quale \u00e8 diventato un detenuto \u201cspeciale\u201d\u2026<\/strong><\/p>\n<p>Speciale in negativo. Non sta assolutamente in una condizione privilegiata. Sta con altri sei in cella. Non sta in una suite. Ci sono i casi che lui ha fatto conoscere. I detenuti suicidi, quell\u2019uomo di 81 anni che 15 anni fa fu condanno per reati finanziari, penso in seguito a una bancarotta.<\/p>\n<p><strong>Alemanno grazie alla notoriet\u00e0 del suo nome ha avuto il merito di portare con maggiore attenzione alla ribalta la drammaticit\u00e0 di certe situazioni. Ma non trova che nel suo caso non solo ci sia un certo accanimento contro di lui \u201cperch\u00e9 si chiama Alemanno\u201d, come lei mi disse in un\u2019altra intervista a Il Dubbio subito dopo l\u2019arresto, ma anche l\u2019ostilit\u00e0 di una certa magistratura contro la politica, come per un retaggio di \u201cTangentopoli\u201d?<\/strong><\/p>\n<p>Sicuramente c \u00e8 accanimento contro di lui perch\u00e9 ci sono politici che stanno agli arresti domiciliari. A lui pure quelli sono stati negati. Quello di Alemanno \u00e8 il caso incredibile abbattutosi contro un uomo che non ha n\u00e9 ucciso n\u00e9 rubato. Perch\u00e9 tutto questo? Perch\u00e9 non ha mantenuto un patto con i magistrati? Allora, i magistrati mi trovino in carcere un detenuto condannato a 22 mesi, non ce n\u2019\u00e8 nessuno. Alemanno \u00e8 pi\u00f9 un prigioniero che un detenuto.<\/p>\n<p><strong>Ora La Russa si starebbe dando da fare per creare un larga maggioranza in Senato sulla pdl Giachetti. Cosa auspica?<\/strong><\/p>\n<p>Io spero che ci sia un consenso davvero molto largo, anche se i 5 Stelle gi\u00e0 sappiamo che non la voteranno mai. Ma anche il Pd deve ora dimostrare il suo tanto sbandierato garantismo al momento del voto<\/p>\n<p>Fonte Il dubbio<\/p>\n","protected":false},"excerpt":{"rendered":"<p>di Paola Sacchi \u00abGianni Alemanno\u00a0pi\u00f9 che un detenuto \u00e8 un prigioniero\u00bb Sul caso dell\u2019ex sindaco di Roma, ex parlamentare e ministro del governo\u00a0Berlusconi, tutt\u2019ora a\u00a0Rebibbia\u00a0a causa del mancato rispetto della pena dei servizi sociali per una condanna definitiva relativa a traffico di influenze nell\u2019ambito della cosiddetta inchiesta Mafia capitale &#8211; torna a parlare con\u00a0Il Dubbio\u00a0Francesco [&hellip;]<\/p>\n","protected":false},"author":3,"featured_media":3859,"comment_status":"open","ping_status":"closed","sticky":false,"template":"","format":"standard","meta":{"om_disable_all_campaigns":false,"_monsterinsights_skip_tracking":false,"_monsterinsights_sitenote_active":false,"_monsterinsights_sitenote_note":"","_monsterinsights_sitenote_category":0,"_uf_show_specific_survey":0,"_uf_disable_surveys":false,"footnotes":""},"categories":[33],"tags":[],"class_list":{"0":"post-3858","1":"post","2":"type-post","3":"status-publish","4":"format-standard","5":"has-post-thumbnail","7":"category-politica"},"aioseo_notices":[],"_links":{"self":[{"href":"https:\/\/ilsovranista.com\/index.php?rest_route=\/wp\/v2\/posts\/3858","targetHints":{"allow":["GET"]}}],"collection":[{"href":"https:\/\/ilsovranista.com\/index.php?rest_route=\/wp\/v2\/posts"}],"about":[{"href":"https:\/\/ilsovranista.com\/index.php?rest_route=\/wp\/v2\/types\/post"}],"author":[{"embeddable":true,"href":"https:\/\/ilsovranista.com\/index.php?rest_route=\/wp\/v2\/users\/3"}],"replies":[{"embeddable":true,"href":"https:\/\/ilsovranista.com\/index.php?rest_route=%2Fwp%2Fv2%2Fcomments&post=3858"}],"version-history":[{"count":1,"href":"https:\/\/ilsovranista.com\/index.php?rest_route=\/wp\/v2\/posts\/3858\/revisions"}],"predecessor-version":[{"id":3860,"href":"https:\/\/ilsovranista.com\/index.php?rest_route=\/wp\/v2\/posts\/3858\/revisions\/3860"}],"wp:featuredmedia":[{"embeddable":true,"href":"https:\/\/ilsovranista.com\/index.php?rest_route=\/wp\/v2\/media\/3859"}],"wp:attachment":[{"href":"https:\/\/ilsovranista.com\/index.php?rest_route=%2Fwp%2Fv2%2Fmedia&parent=3858"}],"wp:term":[{"taxonomy":"category","embeddable":true,"href":"https:\/\/ilsovranista.com\/index.php?rest_route=%2Fwp%2Fv2%2Fcategories&post=3858"},{"taxonomy":"post_tag","embeddable":true,"href":"https:\/\/ilsovranista.com\/index.php?rest_route=%2Fwp%2Fv2%2Ftags&post=3858"}],"curies":[{"name":"wp","href":"https:\/\/api.w.org\/{rel}","templated":true}]}}