{"id":3797,"date":"2025-07-07T05:21:58","date_gmt":"2025-07-07T03:21:58","guid":{"rendered":"https:\/\/ilsovranista.com\/?p=3797"},"modified":"2025-07-07T05:22:26","modified_gmt":"2025-07-07T03:22:26","slug":"salerno-con-una-deposizione-di-una-corona-di-fiori-fratelli-ditalia-ricorda-carlo-falvella","status":"publish","type":"post","link":"https:\/\/ilsovranista.com\/?p=3797","title":{"rendered":"Salerno, con una deposizione di una corona di fiori Fratelli d&#8217;Italia ricorda Carlo Falvella"},"content":{"rendered":"<p>Anche quest\u2019anno la comunit\u00e0 salernitana di <strong>Fratelli d\u2019Italia<\/strong> e la sua compagine giovanile si ritroveranno a Salerno il prossimo 7 luglio in via Velia, per rendere onore al giovane Carlo Falvella, militante del FUAN ucciso nel 1972 per mano anarchica. FdI, insieme a Giovent\u00f9 Nazionale, Azione Universitaria e Azione Studentesca mantengono vivo da sempre il ricordo del giovane missino ucciso a causa delle sue idee proprio sul lungomare di Salerno, a pochi passi dal luogo in cui oggi sorge il monumento a lui dedicato. Come di consueto saranno presenti alla commemorazione anche il Senatore Antonio Iannone e l\u2019Onorevole Imma Vietri. Appuntamento alle ore 17:00 per la consueta deposizione di una corona di fiori da parte dei militanti che oggi raccolgono l\u2019eredit\u00e0 di Carlo, continuando sul suo esempio la lotta contro ogni forma di odio politico. Afferma Italo Cirielli, membro dell\u2019Esecutivo Nazionale di Giovent\u00f9 Nazionale: \u201cRicordiamo ogni anno Carlo Falvella non solo per onorare il suo sacrificio, ma perch\u00e9 la sua storia ci interroga profondamente sul valore dell\u2019impegno, dell\u2019identit\u00e0 e della coerenza. Carlo era un giovane militante animato da ideali profondi, disposto a mettersi in gioco in prima persona, in un tempo in cui l\u2019appartenenza politica poteva costare la vita\u201d. E continua: \u201cLa sua uccisione non fu soltanto un delitto, ma il simbolo di un clima di odio ideologico che non dobbiamo dimenticare, affinch\u00e9 non si ripeta. Commemorarlo significa oggi ribadire che la militanza, se vissuta con passione e rispetto, \u00e8 un atto nobile e necessario. Significa ricordare che la politica non deve mai degenerare in violenza, e che ogni giovane ha il diritto di credere, di lottare e di sognare un\u2019Italia migliore, senza dover temere per la propria vita\u201d.<\/p>\n<p>\u201cRicordiamo Carlo-scomparso difendendo le sue idee in un\u2019epoca in cui fare politica significava rischiare la propria vita-perch\u00e9 \u00e8 da sempre il simbolo del nostro movimento, simbolo di chi \u00e8 cresciuto militante\u201d dichiara invece Alfonso Pepe, Presidente provinciale di Giovent\u00f9 Nazionale Salerno- \u201csoprattutto lo facciamo affinch\u00e9 mai pi\u00f9 la politica possa essere odio e perch\u00e9 mai pi\u00f9 si ripetano eventi cos\u00ec tragici\u201d. \u201cLa nostra non \u00e8 una stanca tradizione, ma un appuntamento sempre nuovo con la nostra storia\u201d- conclude Romano Carabotta, Presidente del circolo salernitano di Azione Universitaria- \u201cCarlo vive nelle mostre battaglie quotidiane, nella nostra comunit\u00e0, nella nostra appartenenza ad una storia comune che ci trascende. E noi proviamo ad essere ogni giorno all\u2019altezza del suo esempio\u201d.<\/p>\n<p>&nbsp;<\/p>\n","protected":false},"excerpt":{"rendered":"<p>Anche quest\u2019anno la comunit\u00e0 salernitana di Fratelli d\u2019Italia e la sua compagine giovanile si ritroveranno a Salerno il prossimo 7 luglio in via Velia, per rendere onore al giovane Carlo Falvella, militante del FUAN ucciso nel 1972 per mano anarchica. FdI, insieme a Giovent\u00f9 Nazionale, Azione Universitaria e Azione Studentesca mantengono vivo da sempre il [&hellip;]<\/p>\n","protected":false},"author":3,"featured_media":3798,"comment_status":"open","ping_status":"closed","sticky":false,"template":"","format":"standard","meta":{"om_disable_all_campaigns":false,"_monsterinsights_skip_tracking":false,"_monsterinsights_sitenote_active":false,"_monsterinsights_sitenote_note":"","_monsterinsights_sitenote_category":0,"_uf_show_specific_survey":0,"_uf_disable_surveys":false,"footnotes":""},"categories":[1],"tags":[],"class_list":{"0":"post-3797","1":"post","2":"type-post","3":"status-publish","4":"format-standard","5":"has-post-thumbnail","7":"category-senza-categoria"},"aioseo_notices":[],"_links":{"self":[{"href":"https:\/\/ilsovranista.com\/index.php?rest_route=\/wp\/v2\/posts\/3797","targetHints":{"allow":["GET"]}}],"collection":[{"href":"https:\/\/ilsovranista.com\/index.php?rest_route=\/wp\/v2\/posts"}],"about":[{"href":"https:\/\/ilsovranista.com\/index.php?rest_route=\/wp\/v2\/types\/post"}],"author":[{"embeddable":true,"href":"https:\/\/ilsovranista.com\/index.php?rest_route=\/wp\/v2\/users\/3"}],"replies":[{"embeddable":true,"href":"https:\/\/ilsovranista.com\/index.php?rest_route=%2Fwp%2Fv2%2Fcomments&post=3797"}],"version-history":[{"count":2,"href":"https:\/\/ilsovranista.com\/index.php?rest_route=\/wp\/v2\/posts\/3797\/revisions"}],"predecessor-version":[{"id":3800,"href":"https:\/\/ilsovranista.com\/index.php?rest_route=\/wp\/v2\/posts\/3797\/revisions\/3800"}],"wp:featuredmedia":[{"embeddable":true,"href":"https:\/\/ilsovranista.com\/index.php?rest_route=\/wp\/v2\/media\/3798"}],"wp:attachment":[{"href":"https:\/\/ilsovranista.com\/index.php?rest_route=%2Fwp%2Fv2%2Fmedia&parent=3797"}],"wp:term":[{"taxonomy":"category","embeddable":true,"href":"https:\/\/ilsovranista.com\/index.php?rest_route=%2Fwp%2Fv2%2Fcategories&post=3797"},{"taxonomy":"post_tag","embeddable":true,"href":"https:\/\/ilsovranista.com\/index.php?rest_route=%2Fwp%2Fv2%2Ftags&post=3797"}],"curies":[{"name":"wp","href":"https:\/\/api.w.org\/{rel}","templated":true}]}}