{"id":3777,"date":"2025-07-04T05:31:03","date_gmt":"2025-07-04T03:31:03","guid":{"rendered":"https:\/\/ilsovranista.com\/?p=3777"},"modified":"2025-07-04T05:31:03","modified_gmt":"2025-07-04T03:31:03","slug":"saviano-insulta-ancora-la-lega-furgiuele-annuncia-denuncia","status":"publish","type":"post","link":"https:\/\/ilsovranista.com\/?p=3777","title":{"rendered":"Saviano insulta ancora la Lega. Furgiuele annuncia denuncia"},"content":{"rendered":"<p>La querelle tra lo scrittore\u00a0<strong>Roberto Saviano<\/strong>\u00a0e il leader della Lega,\u00a0Matteo Salvini, sembra non finire mai. Dopo i continui battibecchi, <strong>Saviano<\/strong> decide di sfoderare l\u2019ennesimo attacco contro il vicepremier dell\u2019esecutivo. Ospite di Luca Telese e Marianna Aprile a In Onda (La7), Saviano ha riproposto una complessa ricostruzione che mette in relazione l\u2019interesse di Salvini per la Calabria e il ruolo nel partito dell\u2019onorevole leghista <strong>Domenico Furgiuele<\/strong>.<\/p>\n<p>Entrambi interessati, questo il ragionamento, alla costruzione del Ponte sullo Stretto di Messina. Insomma, continua lo scrittore, come la malavita che<em>\u00a0\u201ccogli**a la politica<\/em>\u201d. Un\u2019accusa cos\u00ec pesante che ha spinto lo stesso Furgiele a passare per vie legali: la denuncia \u00e8 gi\u00e0 partita. \u201c<em>\u00c8 grave che Saviano rilanci accuse che sono state smontate dalla magistratura. In un momento storico in cui la delegittimazione politica passa anche attraverso la storpiatura mediatica\u201d<\/em>, ha spiegato. Per questo ha\u00a0<em>\u201cdato mandato ai miei legali di reperire sia i verbali del processo di diffamazione fatto da Salvini nei confronti di Saviano, sia la registrazione della trasmissione tv. In seguito, decider\u00f2 come muovermi nei suoi confronti\u201d.<\/em><\/p>\n","protected":false},"excerpt":{"rendered":"<p>La querelle tra lo scrittore\u00a0Roberto Saviano\u00a0e il leader della Lega,\u00a0Matteo Salvini, sembra non finire mai. Dopo i continui battibecchi, Saviano decide di sfoderare l\u2019ennesimo attacco contro il vicepremier dell\u2019esecutivo. Ospite di Luca Telese e Marianna Aprile a In Onda (La7), Saviano ha riproposto una complessa ricostruzione che mette in relazione l\u2019interesse di Salvini per la [&hellip;]<\/p>\n","protected":false},"author":3,"featured_media":3778,"comment_status":"open","ping_status":"closed","sticky":false,"template":"","format":"standard","meta":{"om_disable_all_campaigns":false,"_monsterinsights_skip_tracking":false,"_monsterinsights_sitenote_active":false,"_monsterinsights_sitenote_note":"","_monsterinsights_sitenote_category":0,"_uf_show_specific_survey":0,"_uf_disable_surveys":false,"footnotes":""},"categories":[33],"tags":[],"class_list":{"0":"post-3777","1":"post","2":"type-post","3":"status-publish","4":"format-standard","5":"has-post-thumbnail","7":"category-politica"},"aioseo_notices":[],"_links":{"self":[{"href":"https:\/\/ilsovranista.com\/index.php?rest_route=\/wp\/v2\/posts\/3777","targetHints":{"allow":["GET"]}}],"collection":[{"href":"https:\/\/ilsovranista.com\/index.php?rest_route=\/wp\/v2\/posts"}],"about":[{"href":"https:\/\/ilsovranista.com\/index.php?rest_route=\/wp\/v2\/types\/post"}],"author":[{"embeddable":true,"href":"https:\/\/ilsovranista.com\/index.php?rest_route=\/wp\/v2\/users\/3"}],"replies":[{"embeddable":true,"href":"https:\/\/ilsovranista.com\/index.php?rest_route=%2Fwp%2Fv2%2Fcomments&post=3777"}],"version-history":[{"count":1,"href":"https:\/\/ilsovranista.com\/index.php?rest_route=\/wp\/v2\/posts\/3777\/revisions"}],"predecessor-version":[{"id":3779,"href":"https:\/\/ilsovranista.com\/index.php?rest_route=\/wp\/v2\/posts\/3777\/revisions\/3779"}],"wp:featuredmedia":[{"embeddable":true,"href":"https:\/\/ilsovranista.com\/index.php?rest_route=\/wp\/v2\/media\/3778"}],"wp:attachment":[{"href":"https:\/\/ilsovranista.com\/index.php?rest_route=%2Fwp%2Fv2%2Fmedia&parent=3777"}],"wp:term":[{"taxonomy":"category","embeddable":true,"href":"https:\/\/ilsovranista.com\/index.php?rest_route=%2Fwp%2Fv2%2Fcategories&post=3777"},{"taxonomy":"post_tag","embeddable":true,"href":"https:\/\/ilsovranista.com\/index.php?rest_route=%2Fwp%2Fv2%2Ftags&post=3777"}],"curies":[{"name":"wp","href":"https:\/\/api.w.org\/{rel}","templated":true}]}}