{"id":3766,"date":"2025-07-02T05:13:32","date_gmt":"2025-07-02T03:13:32","guid":{"rendered":"https:\/\/ilsovranista.com\/?p=3766"},"modified":"2025-07-02T05:13:32","modified_gmt":"2025-07-02T03:13:32","slug":"zan-pd-il-governo-meloni-boicotta-il-salario-minimo","status":"publish","type":"post","link":"https:\/\/ilsovranista.com\/?p=3766","title":{"rendered":"Zan (Pd): il governo Meloni boicotta il salario minimo"},"content":{"rendered":"<p>&#8220;Ancora una volta, la destra ha detto no alla discussione sul salario minimo. Si arrampicano su regolamenti, parlano di &#8216;cortocircuiti legislativi&#8217;. Ma la verit\u00e0 \u00e8 che vogliono boicottare la proposta di legge delle opposizioni per ragioni politiche.<\/p>\n<p>E mentre la Germania approva l&#8217;aumento del salario minimo a 14,60 euro nel 2027, mentre 22 Paesi dell&#8217;Unione Europa hanno leggi in materia, la destra si ostina a non affrontare il problema. \u00c8 uno schiaffo ai 4 milioni di lavoratrici e lavoratori che in Italia sono poveri anche se lavorano e al 60% degli italiani che fanno fatica ad arrivare a fine mese. Continueremo a batterci in ogni sede perch\u00e9 questa legge venga discussa e approvata. Il salario minimo non \u00e8 un capriccio ideologico: \u00e8 una questione di giustizia sociale&#8221;.<\/p>\n<p>Lo dichiara in una nota,\u00a0<strong>Alessandro Zan,\u00a0<\/strong>parlamentare europeo del Pd<\/p>\n<p>&nbsp;<\/p>\n","protected":false},"excerpt":{"rendered":"<p>&#8220;Ancora una volta, la destra ha detto no alla discussione sul salario minimo. Si arrampicano su regolamenti, parlano di &#8216;cortocircuiti legislativi&#8217;. Ma la verit\u00e0 \u00e8 che vogliono boicottare la proposta di legge delle opposizioni per ragioni politiche. E mentre la Germania approva l&#8217;aumento del salario minimo a 14,60 euro nel 2027, mentre 22 Paesi dell&#8217;Unione [&hellip;]<\/p>\n","protected":false},"author":3,"featured_media":3767,"comment_status":"open","ping_status":"closed","sticky":false,"template":"","format":"standard","meta":{"om_disable_all_campaigns":false,"_monsterinsights_skip_tracking":false,"_monsterinsights_sitenote_active":false,"_monsterinsights_sitenote_note":"","_monsterinsights_sitenote_category":0,"_uf_show_specific_survey":0,"_uf_disable_surveys":false,"footnotes":""},"categories":[33],"tags":[],"class_list":{"0":"post-3766","1":"post","2":"type-post","3":"status-publish","4":"format-standard","5":"has-post-thumbnail","7":"category-politica"},"aioseo_notices":[],"_links":{"self":[{"href":"https:\/\/ilsovranista.com\/index.php?rest_route=\/wp\/v2\/posts\/3766","targetHints":{"allow":["GET"]}}],"collection":[{"href":"https:\/\/ilsovranista.com\/index.php?rest_route=\/wp\/v2\/posts"}],"about":[{"href":"https:\/\/ilsovranista.com\/index.php?rest_route=\/wp\/v2\/types\/post"}],"author":[{"embeddable":true,"href":"https:\/\/ilsovranista.com\/index.php?rest_route=\/wp\/v2\/users\/3"}],"replies":[{"embeddable":true,"href":"https:\/\/ilsovranista.com\/index.php?rest_route=%2Fwp%2Fv2%2Fcomments&post=3766"}],"version-history":[{"count":1,"href":"https:\/\/ilsovranista.com\/index.php?rest_route=\/wp\/v2\/posts\/3766\/revisions"}],"predecessor-version":[{"id":3768,"href":"https:\/\/ilsovranista.com\/index.php?rest_route=\/wp\/v2\/posts\/3766\/revisions\/3768"}],"wp:featuredmedia":[{"embeddable":true,"href":"https:\/\/ilsovranista.com\/index.php?rest_route=\/wp\/v2\/media\/3767"}],"wp:attachment":[{"href":"https:\/\/ilsovranista.com\/index.php?rest_route=%2Fwp%2Fv2%2Fmedia&parent=3766"}],"wp:term":[{"taxonomy":"category","embeddable":true,"href":"https:\/\/ilsovranista.com\/index.php?rest_route=%2Fwp%2Fv2%2Fcategories&post=3766"},{"taxonomy":"post_tag","embeddable":true,"href":"https:\/\/ilsovranista.com\/index.php?rest_route=%2Fwp%2Fv2%2Ftags&post=3766"}],"curies":[{"name":"wp","href":"https:\/\/api.w.org\/{rel}","templated":true}]}}