{"id":3743,"date":"2025-06-30T21:54:43","date_gmt":"2025-06-30T19:54:43","guid":{"rendered":"https:\/\/ilsovranista.com\/?p=3743"},"modified":"2025-06-30T21:55:31","modified_gmt":"2025-06-30T19:55:31","slug":"le-purghe-di-salvini-per-vannaccizzare-la-lega","status":"publish","type":"post","link":"https:\/\/ilsovranista.com\/?p=3743","title":{"rendered":"Le \u2018purghe\u2019 di Salvini per vannaccizzare la Lega"},"content":{"rendered":"<p>di Mia Magri<\/p>\n<p>Fonte Lettera 43<\/p>\n<p>Tre partiti in una\u00a0<strong>Lega<\/strong>. A quasi tre mesi dal\u00a0<strong>congresso<\/strong>\u00a0che ha consacrato\u00a0<strong>Matteo Salvini<\/strong>\u00a0capo indiscusso fino al 2029, il partito che fu di Umberto Bossi \u00e8 balcanizzato dai\u00a0<strong>problemi interni<\/strong>, dai malumori e dalle\u00a0<strong>tensioni<\/strong>. Ma quel che ha avuto pi\u00f9 impatto sulla tenuta del movimento \u00e8 il nervosismo mostrato in questo periodo dal suo leader.<\/p>\n<h2><strong>Finito il congresso Salvini ha dato il via alle \u201cpurghe\u201d<\/strong><\/h2>\n<p>Sempre pi\u00f9 blindato dal \u2018<strong>cerchio magico<\/strong>\u2019 composto dal suo staff, e dai pochi di cui ascolta ancora i consigli \u2013 in primis\u00a0<strong>Claudio Durigon<\/strong>\u00a0-, Salvini, un secondo dopo aver chiuso le porte della Fortezza da basso di Firenze\u00a0dove ha ottenuto la rielezione per acclamazione, ha aperto la\u00a0<strong>stagione delle \u2018purghe\u2019<\/strong>. Non espulsioni o epurazioni, quantomeno finora, ma mosse mirate che hanno portato de facto alla marginalit\u00e0 diversi protagonisti, tra cui fedelissimi, e i\u00a0<strong>governatori del Nord<\/strong>.<\/p>\n<h2><strong>Andrea Crippa sacrificato per nominare Silvia Sardone<\/strong><\/h2>\n<p>Il primo atto post congresso \u00e8 stata la nomina di due nuovi vice segretari da affiancare al laziale Durigon e al Veneto Alberto Stefani. L\u2019indicazione di\u00a0<strong>Roberto Vannacci<\/strong>\u00a0e, a sorpresa, della lombarda\u00a0<strong>Silvia Sardone<\/strong>\u00a0ha creato parecchi sconvolgimenti. Per nominare l\u2019ex forzista, Salvini ha dovuto sacrificare\u00a0<strong>Andrea Crippa<\/strong>, fedelissimo dal 2014 quando inizi\u00f2 la collaborazione come suo assistente (e coinquilino) a Strasburgo. Raccontano nella Lega che Crippa sia stato punito per le dichiarazioni scivolose, non sempre concordate. Altri sostengono che non vada a genio alla fidanzata del capo, Francesca Verdini. Altri ancora che stia pagando la frequentazione di Anna Falchi e le serate mondane. Il gossip insomma \u00e8 fantasioso ma nessuno sa spiegare il reale motivo della cacciata di Crippa.<\/p>\n<h2><strong>Fuori anche Toccalini con Cecchetti e Zoffili<\/strong><\/h2>\n<p>Ma il vero colpo assestato dal segretario \u00e8 al coordinatore dei Giovani,<strong>\u00a0Luca Toccalini<\/strong>. Anche lui fedelissimo (per dire: se si cercano le immagini di Salvini in Polonia contestato dal sindaco di Przesmyl per la storica amicizia con Vladimir Putin, dietro al capo leghista appare Toccalini), il deputato 35enne di Basiglio avrebbe dovuto diventare vice segretario dopo il congresso. O almeno cos\u00ec gli aveva promesso Salvini come compensazione per il suo ritiro dalla corsa per la segreteria lombarda a favore di Massimiliano Romeo. Anche quest\u2019ultimo un dossier in cui il segretario aveva dovuto \u2018sacrificare\u2019 fedelissimi. Toccalini era infatti sceso in campo sollecitato dai due commissari uscenti,\u00a0<strong>Fabrizio Cecchetti<\/strong>\u00a0e\u00a0<strong>Eugenio Zoffili<\/strong>, che vedevano come fumo negli occhi la candidatura di Romeo. Il quale per\u00f2 non ha ceduto alle pressioni di chi chiedeva un ritiro, ha tenuto duro e infine Salvini si \u00e8 dovuto arrendere alla sua corsa e alla sua vittoria. Quindi: fuori Crippa e Toccalini, e prima ancora Cecchetti e Zoffili. Gente che nei post chiama Salvini \u201cfratello\u201d avendo tutte le carte per farlo. E tutto per far spazio a Sardone e Vannacci, con quest\u2019ultimo che gira l\u2019Italia con i suoi team del mondo al contrario (Flavio Tosi \u00e8 stato espulso per molto meno).<\/p>\n<h2><strong>La neutralizzazione dei governatori del Nord<\/strong><\/h2>\n<p>Ecco, questo, l\u2019inaspettato. Tanto che tra i \u2018purgati\u2019 c\u2019\u00e8 chi si sfoga in via anonima e parla di \u00absostituzione etnica dei leghisti\u00bb mentre Crippa sorride imbarazzato, in Transatlantico evita i giornalisti, poi lo sentono al bar spiegare che \u00abin politica vanno avanti solo gli incapaci\u00bb. Uno spettacolo poco decoroso. Fino al secondo atto. L\u2019eliminazione salviniana dei<strong>\u00a0governatori<\/strong>. Partito nel partito che segna distinguo quotidiani in contenuti e scelte politiche, come \u00e8 stato chiaro anche nel congresso, il gruppo dei governatori \u00e8 composto da dirigenti assai affiatati tra loro da cui spesso arrivano critiche all\u2019operato del segretario. Cos\u00ec \u00e8 stato quando Salvini ha deciso con Silvio Berlusconi di fare cadere il governo di Mario Draghi in anticipo. E in numerose altre occasioni. Quale chance migliore, dunque, per liberarsi di\u00a0<strong>Luca Zaia<\/strong>,\u00a0<strong>Massimiliano Fedriga<\/strong>,\u00a0<strong>Attilio Fontana<\/strong>\u00a0e\u00a0<strong>Maurizio Fugatti<\/strong>\u00a0se non il\u00a0dossier del blocco del\u00a0<strong>terzo mandato<\/strong>?<\/p>\n<p>Il sospetto che il segretario non sia stato efficace nel sostenere la battaglia di Zaia &amp; co \u00e8 abbastanza diffuso nella Lega. D\u2019altronde, come dargli torto dal momento che i suoi governatori sembrano aver fatto accordi sotterranei direttamente con\u00a0<strong>Giorgia Meloni<\/strong>? In ogni modo, ecco il secondo partito da far fuori. E ci \u00e8 riuscito: i governatori sono tutti al secondo mandato e non sono pi\u00f9 ricandidabili, cosa che comporter\u00e0 un alto costo per la Lega: dover probabilmente rinunciare alla guida di queste Regioni a favore degli alleati di<strong>\u00a0Fratelli d\u2019Italia<\/strong>. I quali erano pronti s\u00ec ad eliminare il blocco per favorire Zaia e Fedriga, con i quali la premier ha costruito un rapporto di fiducia consolidato, ma ora, saltata la possibilit\u00e0 di un accordo, stanno l\u00ec come avvoltoi pronti a prendersi finalmente la guida di una\u00a0<strong>Regione del Nord<\/strong>. E forse anche il candidato di Salvini, il 32enne vice segretario veneto Stefani dovr\u00e0 rinunciare alle sue ambizioni di essere eletto a Palazzo Balbi.<\/p>\n","protected":false},"excerpt":{"rendered":"<p>di Mia Magri Fonte Lettera 43 Tre partiti in una\u00a0Lega. A quasi tre mesi dal\u00a0congresso\u00a0che ha consacrato\u00a0Matteo Salvini\u00a0capo indiscusso fino al 2029, il partito che fu di Umberto Bossi \u00e8 balcanizzato dai\u00a0problemi interni, dai malumori e dalle\u00a0tensioni. Ma quel che ha avuto pi\u00f9 impatto sulla tenuta del movimento \u00e8 il nervosismo mostrato in questo periodo [&hellip;]<\/p>\n","protected":false},"author":3,"featured_media":3744,"comment_status":"open","ping_status":"closed","sticky":false,"template":"","format":"standard","meta":{"om_disable_all_campaigns":false,"_monsterinsights_skip_tracking":false,"_monsterinsights_sitenote_active":false,"_monsterinsights_sitenote_note":"","_monsterinsights_sitenote_category":0,"_uf_show_specific_survey":0,"_uf_disable_surveys":false,"footnotes":""},"categories":[33],"tags":[],"class_list":{"0":"post-3743","1":"post","2":"type-post","3":"status-publish","4":"format-standard","5":"has-post-thumbnail","7":"category-politica"},"aioseo_notices":[],"_links":{"self":[{"href":"https:\/\/ilsovranista.com\/index.php?rest_route=\/wp\/v2\/posts\/3743","targetHints":{"allow":["GET"]}}],"collection":[{"href":"https:\/\/ilsovranista.com\/index.php?rest_route=\/wp\/v2\/posts"}],"about":[{"href":"https:\/\/ilsovranista.com\/index.php?rest_route=\/wp\/v2\/types\/post"}],"author":[{"embeddable":true,"href":"https:\/\/ilsovranista.com\/index.php?rest_route=\/wp\/v2\/users\/3"}],"replies":[{"embeddable":true,"href":"https:\/\/ilsovranista.com\/index.php?rest_route=%2Fwp%2Fv2%2Fcomments&post=3743"}],"version-history":[{"count":1,"href":"https:\/\/ilsovranista.com\/index.php?rest_route=\/wp\/v2\/posts\/3743\/revisions"}],"predecessor-version":[{"id":3745,"href":"https:\/\/ilsovranista.com\/index.php?rest_route=\/wp\/v2\/posts\/3743\/revisions\/3745"}],"wp:featuredmedia":[{"embeddable":true,"href":"https:\/\/ilsovranista.com\/index.php?rest_route=\/wp\/v2\/media\/3744"}],"wp:attachment":[{"href":"https:\/\/ilsovranista.com\/index.php?rest_route=%2Fwp%2Fv2%2Fmedia&parent=3743"}],"wp:term":[{"taxonomy":"category","embeddable":true,"href":"https:\/\/ilsovranista.com\/index.php?rest_route=%2Fwp%2Fv2%2Fcategories&post=3743"},{"taxonomy":"post_tag","embeddable":true,"href":"https:\/\/ilsovranista.com\/index.php?rest_route=%2Fwp%2Fv2%2Ftags&post=3743"}],"curies":[{"name":"wp","href":"https:\/\/api.w.org\/{rel}","templated":true}]}}