{"id":3722,"date":"2025-06-27T17:50:50","date_gmt":"2025-06-27T15:50:50","guid":{"rendered":"https:\/\/ilsovranista.com\/?p=3722"},"modified":"2025-06-27T17:50:50","modified_gmt":"2025-06-27T15:50:50","slug":"forza-italia-affossa-il-terzo-mandato-lega-pronta-alla-battaglia","status":"publish","type":"post","link":"https:\/\/ilsovranista.com\/?p=3722","title":{"rendered":"Forza Italia affossa il terzo mandato, Lega pronta alla battaglia"},"content":{"rendered":"<div class=\"jsx-658558227 start-column\">\n<article class=\"article show-to-print article-type-news\"><main class=\"article-content\"><\/p>\n<div id=\"article-body\" class=\"article-body\">\n<p>di Mauro Bazzucchi<\/p>\n<p>Fonte Il Dubbio<\/p>\n<p>&nbsp;<\/p>\n<p>Il\u00a0<strong>terzo mandato<\/strong>, bandiera leghista e ultima trincea per blindare<strong>\u00a0Luca Zaia<\/strong>\u00a0in Veneto, \u00e8 stato affossato definitivamente dalla<strong>\u00a0Commissione Affari Costituzionali<\/strong>\u00a0del Senato. Solo cinque i voti a favore: la Lega, Italia Viva e il gruppo delle Autonomie. A fermare l\u2019emendamento non \u00e8 stata l\u2019opposizione, ma l\u2019assenza di un\u2019intesa nel centrodestra:\u00a0<strong>Forza Italia<\/strong>\u00a0ha votato contro,\u00a0<strong>Fratelli d\u2019Italia\u00a0<\/strong>si \u00e8 astenuta. Col risultato che il partito di\u00a0<strong>Matteo Salvini\u00a0<\/strong>ha subito una nuova, cocente\u00a0<strong>sconfitta politica<\/strong>.<\/p>\n<p>Un esito scritto da giorni, dopo il mancato accordo politico tra Lega e Forza Italia. A certificare il gelo \u00e8 stato\u00a0<strong>Giovanni Donzelli<\/strong>, braccio organizzativo di FdI: \u00abSenza intesa con FI, non potevamo votare l\u2019emendamento\u00bb, mentre il presidente del Senato\u00a0<strong>Ignazio La Russa<\/strong>\u00a0ironicamente ha ricordato di aver pronosticato un \u201ctramonto\u201d del terzo mandato. \u00ab\u00c8 la quinta volta che presentiamo l\u2019emendamento\u00bb, ha ricordato con amarezza\u00a0<strong>Roberto Calderoli<\/strong>, \u00abe ancora una volta ci scontriamo con un muro\u00bb. Quello, in particolare, di Forza Italia: \u00abNon ho apprezzato il loro atteggiamento\u00bb, ha detto il ministro per gli Affari regionali, lasciando trasparire irritazione pi\u00f9 che delusione. Decisamente pi\u00f9 duro il commento del governatore lombardo<strong>\u00a0Attilio Fontana<\/strong>: \u00abLa bocciatura del terzo mandato\u00bb, ha detto, \u00ab\u00e8 uno schiaffo in faccia a quelle comunit\u00e0 che, democraticamente, attraverso il voto, vorrebbero confermare amministratori apprezzati, capaci ed efficienti, poi perch\u00e9 \u00e8 frutto di ripicche e &#8216; mezzucci&#8217; di una politica bassa che mira solo all&#8217;interesse partitico del momento senza una visione a largo respiro\u00bb.<\/p>\n<p>\u00abSpiace constatare\u00bb, ha proseguito, \u00abche sia a Roma, sia a Bruxelles, il centralismo continui a farla da padrone penalizzando, quando possibile, le Regioni e le Amministrazioni locali. L&#8217;esatto contrario di quello che auspicano i cittadini, soprattutto quelli del Nord che hanno sempre visto nell&#8217;Autonomia e nel federalismo una grande opportunit\u00e0 di crescita per il proprio territorio e per l&#8217;intero Paese\u00bb. A poco serve, per Salvini, l\u2019atteggiamento pi\u00f9 morbido di Fratelli d\u2019Italia, che con Balboni e Matera si limita ad astenersi, lasciando intendere che il tema potr\u00e0 tornare in futuro. \u00abMa per ora \u2013 ha detto\u00a0<strong>Balboni\u00a0<\/strong>\u2013 il tema \u00e8 fuori dal dibattito politico\u00bb. Come a dire: parliamone dopo le Regionali, non ora. Il problema, per\u00f2, \u00e8 tutto presente.<\/p>\n<p>Con il terzo mandato bocciato, l\u2019autonomia differenziata in stallo, per Matteo Salvini lo spazio politico si assottiglia ogni giorno di pi\u00f9. La<strong>\u00a0scommessa sul Trump pacifista e anti-Nato<\/strong>, in funzione anti- Ue, si \u00e8 sgretolata con il nuovo corso \u201cmilitarista\u201d del tycoon, che ora invoca il riarmo e pressa l\u2019Europa in questo senso. Insomma, il quadro per il segretario leghista si fa cupo. E la tentazione di alzare la voce diventa quasi obbligo. Non \u00e8 un caso che, proprio nelle stesse ore della bocciatura, Salvini abbia rilanciato la vecchia battaglia della destra contro il reato di tortura, chiedendone la revisione, e annunci nuovi blitz politici nelle aule di giustizia. In primis il faccia a faccia con\u00a0<strong>Roberto Saviano<\/strong>, che lo ha denunciato per diffamazione, trasformato in un comizio anti- \u00e9lite.<\/p>\n<p>A Pontida, intanto, si prepara la riscossa simbolica: \u00e8 stato svelato il manifesto dell\u2019edizione 2025 della kermesse leghista, che torna ai fasti bossiani, con slogan e iconografia anni Novanta. Un ritorno alle origini che sa pi\u00f9 di autocelebrazione che di progetto politico. La linea della \u201cguerriglia continua\u201d \u00e8, oggi pi\u00f9 che mai, l\u2019unico rifugio per un leader in evidente difficolt\u00e0. Anche in Veneto \u2013 la regione da cui tutto era partito \u2013 il colpo \u00e8 stato sentito.\u00a0<strong>Paolo Tosato<\/strong>, primo firmatario dell\u2019emendamento, ha parlato di \u00abrammarico per FdI dopo le aperture delle scorse settimane\u00bb e di \u00absperanza che alle prossime Regionali venga comunque indicato un leghista\u00bb. Ma tutto \u00e8 rimesso nelle mani dei leader. E le parole di\u00a0<strong>Maurizio Gasparri<\/strong>\u00a0non lasciano molto spazio: \u00abOra toccher\u00e0 ai vertici della coalizione fare sintesi sulle candidature\u00bb. Tradotto: la Lega, che voleva giocare d\u2019anticipo, torna in panchina.<\/p>\n<p>Anche Forza Italia, per bocca di\u00a0<strong>Tajani<\/strong>, minimizza lo scontro: \u00abIl terzo mandato non \u00e8 la base della nostra alleanza. La coalizione si regge su ben altro: giustizia, premierato, politica industriale\u00bb. Un modo elegante per chiudere il dossier e far capire che, se anche a qualcuno interessa, non \u00e8 certo una priorit\u00e0 di governo. Anzi. A esultare apertamente \u00e8 l\u2019opposizione, soprattutto Pd e M5s.\u00a0<strong>Alessandra Maiorino<\/strong>\u00a0(M5S) parla di \u201cvicenda penosa\u201d, di \u201clegnata\u201d e \u201cumiliazione\u201d per la Lega. Al Capitano resta per il momento la scena, il megafono, il rumore. Ma la sostanza \u00e8 sempre pi\u00f9 sfuggente. E se l\u2019ennesima bocciatura non avr\u00e0 alcuna ripercussione sulla stabilit\u00e0 del governo, la maggioranza, segna comunque l\u2019ennesima faglia tra partiti che ancora una volta sono andati in ordine sparso. \u00abIl centrodestra non \u00e8 una caserma\u00bb, ha detto Tajani. Ma neanche una fiera dell\u2019autogestione. E nel mezzo, tra una leadership salda e una in crisi, c\u2019\u00e8 una Lega costretta a inseguire. Con la voce sempre pi\u00f9 alta. E l\u2019eco sempre pi\u00f9 debole.<\/p>\n<\/div>\n<p><\/main><\/p>\n<div class=\"article-disclaimer\"><\/div>\n<footer class=\"article-footer hide-to-print\"><\/footer>\n<\/article>\n<\/div>\n<div class=\"jsx-658558227 end-column\">\n<div class=\"jsx-3251034894 ace-times-origins-layout\">\n<div class=\"slot stessa-sezione\">\n<div class=\"jsx-2380902436 jsx-358004097 slot-layout one_third_width_10 with-padding with-background no-lines theme-cerulean slot-style-coloured headline-style-solidInfill\">\n<div class=\"jsx-2380902436 jsx-1146945491 content\">\n<div class=\"jsx-1532601580 root\">\n<div class=\"jsx-2772180865 root bullet\"><\/div>\n<\/div>\n<\/div>\n<\/div>\n<\/div>\n<\/div>\n<\/div>\n","protected":false},"excerpt":{"rendered":"<p>di Mauro Bazzucchi Fonte Il Dubbio &nbsp; Il\u00a0terzo mandato, bandiera leghista e ultima trincea per blindare\u00a0Luca Zaia\u00a0in Veneto, \u00e8 stato affossato definitivamente dalla\u00a0Commissione Affari Costituzionali\u00a0del Senato. Solo cinque i voti a favore: la Lega, Italia Viva e il gruppo delle Autonomie. A fermare l\u2019emendamento non \u00e8 stata l\u2019opposizione, ma l\u2019assenza di un\u2019intesa nel centrodestra:\u00a0Forza Italia\u00a0ha [&hellip;]<\/p>\n","protected":false},"author":3,"featured_media":3723,"comment_status":"open","ping_status":"closed","sticky":false,"template":"","format":"standard","meta":{"om_disable_all_campaigns":false,"_monsterinsights_skip_tracking":false,"_monsterinsights_sitenote_active":false,"_monsterinsights_sitenote_note":"","_monsterinsights_sitenote_category":0,"_uf_show_specific_survey":0,"_uf_disable_surveys":false,"footnotes":""},"categories":[33],"tags":[],"class_list":{"0":"post-3722","1":"post","2":"type-post","3":"status-publish","4":"format-standard","5":"has-post-thumbnail","7":"category-politica"},"aioseo_notices":[],"_links":{"self":[{"href":"https:\/\/ilsovranista.com\/index.php?rest_route=\/wp\/v2\/posts\/3722","targetHints":{"allow":["GET"]}}],"collection":[{"href":"https:\/\/ilsovranista.com\/index.php?rest_route=\/wp\/v2\/posts"}],"about":[{"href":"https:\/\/ilsovranista.com\/index.php?rest_route=\/wp\/v2\/types\/post"}],"author":[{"embeddable":true,"href":"https:\/\/ilsovranista.com\/index.php?rest_route=\/wp\/v2\/users\/3"}],"replies":[{"embeddable":true,"href":"https:\/\/ilsovranista.com\/index.php?rest_route=%2Fwp%2Fv2%2Fcomments&post=3722"}],"version-history":[{"count":1,"href":"https:\/\/ilsovranista.com\/index.php?rest_route=\/wp\/v2\/posts\/3722\/revisions"}],"predecessor-version":[{"id":3724,"href":"https:\/\/ilsovranista.com\/index.php?rest_route=\/wp\/v2\/posts\/3722\/revisions\/3724"}],"wp:featuredmedia":[{"embeddable":true,"href":"https:\/\/ilsovranista.com\/index.php?rest_route=\/wp\/v2\/media\/3723"}],"wp:attachment":[{"href":"https:\/\/ilsovranista.com\/index.php?rest_route=%2Fwp%2Fv2%2Fmedia&parent=3722"}],"wp:term":[{"taxonomy":"category","embeddable":true,"href":"https:\/\/ilsovranista.com\/index.php?rest_route=%2Fwp%2Fv2%2Fcategories&post=3722"},{"taxonomy":"post_tag","embeddable":true,"href":"https:\/\/ilsovranista.com\/index.php?rest_route=%2Fwp%2Fv2%2Ftags&post=3722"}],"curies":[{"name":"wp","href":"https:\/\/api.w.org\/{rel}","templated":true}]}}