{"id":3715,"date":"2025-06-24T19:35:04","date_gmt":"2025-06-24T17:35:04","guid":{"rendered":"https:\/\/ilsovranista.com\/?p=3715"},"modified":"2025-06-24T19:35:04","modified_gmt":"2025-06-24T17:35:04","slug":"esaltare-il-laicismo-contro-lislam-la-destra-stupida-e-caduta-nella-trappola-lanalisi-di-campiglio","status":"publish","type":"post","link":"https:\/\/ilsovranista.com\/?p=3715","title":{"rendered":"Esaltare il laicismo contro l&#8217;islam. La destra stupida \u00e8 caduta nella trappola. L&#8217;analisi di Campiglio"},"content":{"rendered":"<header class=\"post-header\">\n<h1 class=\"entry-title\"><span style=\"color: #222222; font-family: Verdana, BlinkMacSystemFont, -apple-system, 'Segoe UI', Roboto, Oxygen, Ubuntu, Cantarell, 'Open Sans', 'Helvetica Neue', sans-serif; font-size: 15px;\">di <\/span><strong style=\"color: #222222; font-family: Verdana, BlinkMacSystemFont, -apple-system, 'Segoe UI', Roboto, Oxygen, Ubuntu, Cantarell, 'Open Sans', 'Helvetica Neue', sans-serif; font-size: 15px;\">Andrea Campiglio<\/strong><span style=\"color: #222222; font-family: Verdana, BlinkMacSystemFont, -apple-system, 'Segoe UI', Roboto, Oxygen, Ubuntu, Cantarell, 'Open Sans', 'Helvetica Neue', sans-serif; font-size: 15px;\">\u00a0<\/span><\/h1>\n<\/header>\n<div class=\"entry clearfix\">\n<p>&nbsp;<\/p>\n<p>Chi segue la politica si sar\u00e0 accorto del ruolo sempre maggiore che sta rivestendo la Zanzara, il programma di Radio 24. Tra l\u2019altro, nota a margine, sarebbe interessante analizzare come il dibattito politico anche grazie a questa trasmissione si stia polarizzando tra le posizioni di Cruciani, ovvero un radicale \u201cdi destra\u201d, e Parenzo, un radicale \u201cdi sinistra\u201d. In altre parole la scelta \u00e8 tra un opinionista laicista, radicale, pro Israele contrario all\u2019immigrazione e un opinionista laicista, radicale, pro Israele favorevole all\u2019immigrazione. Lo ritengo un dato piuttosto interessante sullo stato attuale delle ideologie politiche.<\/p>\n<p>Comunque, veniamo al punto: nella puntata del 19 giugno sono stati ospiti l\u2019onorevole Silvia Sardone, europarlamentare della Lega, e Davide Piccardo, esponente del mondo islamico in Italia.<\/p>\n<p>Personalmente fossi in Piccardo ringrazierei per l\u2019esistenza di persone come la Sardone, che onestamente per tutta la durata del dibattito pi\u00f9 che urlare vaghi slogan non ha fatto. Se si tolgono frasi abbastanza semplicistiche come \u201cio sono per la libert\u00e0\u201d e il continuo riferimento al velo come a un sacchetto dell\u2019immondizia non rimane molto del suo intervento.<\/p>\n<p>Focalizziamoci ora su due passaggi. Il primo \u00e8 proprio il velo islamico. Per l\u2019europarlamentare della Lega \u00e8 un sacco della spazzatura e indossarlo riduce inevitabilmente la libert\u00e0. Fine del ragionamento. Vorrei ricordare come l\u2019uso del velo \u00e8 intrinsecamente e storicamente anche cristiano e cattolico, in particolare diffuso nell\u2019area italiana e francese, per cui \u00e8 un accessorio con una valenza religiosa e identitaria anche per noi. Per secoli le nostre nonne hanno indossato il velo per accostarsi a Messa e al sacrificio eucaristico, un modo per esprimere, anche materialmente, rispetto e devozione, sobriet\u00e0 e cura. Non una imposizione o una forma di schiavit\u00f9 ma una forma profonda di rispetto. Chi oggi si accostasse alle chiese dove ancora viene offerta la Messa in Rito Tridentino, potr\u00e0 notare come tantissime donne, italiane, ancora oggi indossino il velo, anche, anzi forse soprattutto, di et\u00e0 giovanissima.<\/p>\n<p>\u00c8 la legittima e doverosa rivolta contro un mondo moderno che fa dell\u2019ostentazione della fisicit\u00e0 e della materia il punto cardine di una societ\u00e0 basata sull\u2019apparenza.<\/p>\n<p>Andiamo oltre: poco oltre nella trasmissione Piccardo fa notare che anche l\u2019onorevole Sardone porta una croce al collo, e quindi un simbolo religioso, ma il ragionamento non riesce a svilupparsi perch\u00e9 la leghista comincia ad esaltare la laicit\u00e0 dell\u2019Occidente contrapposta invece all\u2019oscurantismo religioso del mondo musulmano.<\/p>\n<p>Il problema per\u00f2 \u00e8 proprio qua: la laicit\u00e0 \u00e8 un concetto nato, almeno nella sua accezione attuale, in seguito alla Rivoluzione Francese per costituire una Repubblica in rottura con la tradizione della Francia cattolica esistita fino ad allora. La laicit\u00e0 \u00e8 un termine usato in senso anti cattolico per cancellare tutto ci\u00f2 che questa identit\u00e0 aveva lasciato alla Francia, compresi anche il diritto di esporre crocifissi e segni religiosi.<\/p>\n<p>In tempi pi\u00f9 recenti anche la Destra ha ripreso questo concetto proprio in ottica anti-islamica, riprendendo le stesse argomentazioni che i giacobini avevano usato per perseguitare i cattolici fino ad allora.<\/p>\n<p>In altre parole, a Destra si accusano i Musulmani di voler distruggere la nostra identit\u00e0 riprendendo parole e modi di ragionare tipici di quei movimenti politici che hanno volutamente distrutto l\u2019identit\u00e0 dell\u2019Europa Cattolica e Tradizionale. Per assurdo, ad oggi \u00e8 pi\u00f9 rischioso esibire simboli cristiani a Parigi che in Palestina, dove pure la stragande maggioranza della popolazione \u00e8 di fede musulmana, e questo proprio come conseguenza di questa \u201claicit\u00e0\u201d.<\/p>\n<p>Per cui no, il velo non \u00e8 estraneo alla nostra cultura e no, la laicit\u00e0 non ne fa parte. Sono due facce dello stesso processo che ha portato l\u2019Occidente ad ammalarsi, tagliando le proprie radici e trovandosi di colpo orfano.<\/p>\n<p>Lo stesso processo, sbagliato, che molti vorrebbero oggi imporre anche ai Musulmani.<\/p>\n<p>Fonte Il Talebano<\/p>\n<\/div>\n","protected":false},"excerpt":{"rendered":"<p>di Andrea Campiglio\u00a0 &nbsp; Chi segue la politica si sar\u00e0 accorto del ruolo sempre maggiore che sta rivestendo la Zanzara, il programma di Radio 24. Tra l\u2019altro, nota a margine, sarebbe interessante analizzare come il dibattito politico anche grazie a questa trasmissione si stia polarizzando tra le posizioni di Cruciani, ovvero un radicale \u201cdi destra\u201d, [&hellip;]<\/p>\n","protected":false},"author":3,"featured_media":3716,"comment_status":"open","ping_status":"closed","sticky":false,"template":"","format":"standard","meta":{"om_disable_all_campaigns":false,"_monsterinsights_skip_tracking":false,"_monsterinsights_sitenote_active":false,"_monsterinsights_sitenote_note":"","_monsterinsights_sitenote_category":0,"_uf_show_specific_survey":0,"_uf_disable_surveys":false,"footnotes":""},"categories":[33],"tags":[],"class_list":{"0":"post-3715","1":"post","2":"type-post","3":"status-publish","4":"format-standard","5":"has-post-thumbnail","7":"category-politica"},"aioseo_notices":[],"_links":{"self":[{"href":"https:\/\/ilsovranista.com\/index.php?rest_route=\/wp\/v2\/posts\/3715","targetHints":{"allow":["GET"]}}],"collection":[{"href":"https:\/\/ilsovranista.com\/index.php?rest_route=\/wp\/v2\/posts"}],"about":[{"href":"https:\/\/ilsovranista.com\/index.php?rest_route=\/wp\/v2\/types\/post"}],"author":[{"embeddable":true,"href":"https:\/\/ilsovranista.com\/index.php?rest_route=\/wp\/v2\/users\/3"}],"replies":[{"embeddable":true,"href":"https:\/\/ilsovranista.com\/index.php?rest_route=%2Fwp%2Fv2%2Fcomments&post=3715"}],"version-history":[{"count":1,"href":"https:\/\/ilsovranista.com\/index.php?rest_route=\/wp\/v2\/posts\/3715\/revisions"}],"predecessor-version":[{"id":3717,"href":"https:\/\/ilsovranista.com\/index.php?rest_route=\/wp\/v2\/posts\/3715\/revisions\/3717"}],"wp:featuredmedia":[{"embeddable":true,"href":"https:\/\/ilsovranista.com\/index.php?rest_route=\/wp\/v2\/media\/3716"}],"wp:attachment":[{"href":"https:\/\/ilsovranista.com\/index.php?rest_route=%2Fwp%2Fv2%2Fmedia&parent=3715"}],"wp:term":[{"taxonomy":"category","embeddable":true,"href":"https:\/\/ilsovranista.com\/index.php?rest_route=%2Fwp%2Fv2%2Fcategories&post=3715"},{"taxonomy":"post_tag","embeddable":true,"href":"https:\/\/ilsovranista.com\/index.php?rest_route=%2Fwp%2Fv2%2Ftags&post=3715"}],"curies":[{"name":"wp","href":"https:\/\/api.w.org\/{rel}","templated":true}]}}