{"id":3705,"date":"2025-06-24T19:11:16","date_gmt":"2025-06-24T17:11:16","guid":{"rendered":"https:\/\/ilsovranista.com\/?p=3705"},"modified":"2025-06-24T19:11:16","modified_gmt":"2025-06-24T17:11:16","slug":"periferie-montaruli-fdi-dal-governo-un-approccio-rivoluzionario-per-nuovi-passi-avanti","status":"publish","type":"post","link":"https:\/\/ilsovranista.com\/?p=3705","title":{"rendered":"Periferie, Montaruli (Fdi): dal governo un approccio rivoluzionario per nuovi passi avanti"},"content":{"rendered":"<p>&#8220;Siamo orgogliosi del lavoro svolto da Fabio Ciciliano, capo del Dipartimento della Protezione Civile e commissario straordinario del governo per le periferie, e dallo stesso Governo. Un lavoro che con azioni concrete ha innescato un nuovo approccio pragmatico, mirato, mai calato dall\u2019alto ma condiviso con le comunit\u00e0, multidisciplinare perch\u00e9 attento alle problematiche peculiari di ogni contesto. Un insieme di attivit\u00e0 volte alla riqualificazione sociale, culturale ed economica, iniziata a Caivano e poi sviluppata in altre sette periferie italiane. Per la prima volta, abbiamo un governo che ha deciso di cambiare il volto di aree degradate ed \u00e8 per questo che la prima giornata delle periferie che ricorre oggi ha un significato per me e per Fratelli d\u2019Italia particolarmente importante: in questi mesi siamo stati nelle aree urbane ed extra urbane del nostro Paese, non tutte erano periferie, proprio perch\u00e9 non tutte le aree in cui \u00e8 richiesto un intervento \u00e8 in periferia. Nell\u2019audizione del dottor Ciciliano, oggi in commissione d\u2019indagine per le periferie, abbiamo esortato a fare questo ulteriore passo in avanti: includere nella progettualit\u00e0 anche le periferie sociali, non determinate dalla distanza dal centro ma dalle problematicit\u00e0. Sono certa che il modello vincente di Caivano possa essere ulteriormente replicato, adattandolo ai vari contesti, e che questa sia la vera chiave utile a disinnescare degrado e insicurezza&#8221;.<\/p>\n<p>Lo afferma in una nota, diffusa alla stampa,\u00a0<strong>Augusta Montaruli,\u00a0<\/strong>vice capogruppo di\u00a0<strong>Fratelli d&#8217;Italia\u00a0<\/strong><\/p>\n","protected":false},"excerpt":{"rendered":"<p>&#8220;Siamo orgogliosi del lavoro svolto da Fabio Ciciliano, capo del Dipartimento della Protezione Civile e commissario straordinario del governo per le periferie, e dallo stesso Governo. Un lavoro che con azioni concrete ha innescato un nuovo approccio pragmatico, mirato, mai calato dall\u2019alto ma condiviso con le comunit\u00e0, multidisciplinare perch\u00e9 attento alle problematiche peculiari di ogni [&hellip;]<\/p>\n","protected":false},"author":3,"featured_media":3706,"comment_status":"open","ping_status":"closed","sticky":false,"template":"","format":"standard","meta":{"om_disable_all_campaigns":false,"_monsterinsights_skip_tracking":false,"_monsterinsights_sitenote_active":false,"_monsterinsights_sitenote_note":"","_monsterinsights_sitenote_category":0,"_uf_show_specific_survey":0,"_uf_disable_surveys":false,"footnotes":""},"categories":[33],"tags":[],"class_list":{"0":"post-3705","1":"post","2":"type-post","3":"status-publish","4":"format-standard","5":"has-post-thumbnail","7":"category-politica"},"aioseo_notices":[],"_links":{"self":[{"href":"https:\/\/ilsovranista.com\/index.php?rest_route=\/wp\/v2\/posts\/3705","targetHints":{"allow":["GET"]}}],"collection":[{"href":"https:\/\/ilsovranista.com\/index.php?rest_route=\/wp\/v2\/posts"}],"about":[{"href":"https:\/\/ilsovranista.com\/index.php?rest_route=\/wp\/v2\/types\/post"}],"author":[{"embeddable":true,"href":"https:\/\/ilsovranista.com\/index.php?rest_route=\/wp\/v2\/users\/3"}],"replies":[{"embeddable":true,"href":"https:\/\/ilsovranista.com\/index.php?rest_route=%2Fwp%2Fv2%2Fcomments&post=3705"}],"version-history":[{"count":1,"href":"https:\/\/ilsovranista.com\/index.php?rest_route=\/wp\/v2\/posts\/3705\/revisions"}],"predecessor-version":[{"id":3707,"href":"https:\/\/ilsovranista.com\/index.php?rest_route=\/wp\/v2\/posts\/3705\/revisions\/3707"}],"wp:featuredmedia":[{"embeddable":true,"href":"https:\/\/ilsovranista.com\/index.php?rest_route=\/wp\/v2\/media\/3706"}],"wp:attachment":[{"href":"https:\/\/ilsovranista.com\/index.php?rest_route=%2Fwp%2Fv2%2Fmedia&parent=3705"}],"wp:term":[{"taxonomy":"category","embeddable":true,"href":"https:\/\/ilsovranista.com\/index.php?rest_route=%2Fwp%2Fv2%2Fcategories&post=3705"},{"taxonomy":"post_tag","embeddable":true,"href":"https:\/\/ilsovranista.com\/index.php?rest_route=%2Fwp%2Fv2%2Ftags&post=3705"}],"curies":[{"name":"wp","href":"https:\/\/api.w.org\/{rel}","templated":true}]}}