{"id":3693,"date":"2025-06-23T08:28:00","date_gmt":"2025-06-23T06:28:00","guid":{"rendered":"https:\/\/ilsovranista.com\/?p=3693"},"modified":"2025-06-23T08:28:00","modified_gmt":"2025-06-23T06:28:00","slug":"decreto-sicurezza-la-lega-torna-in-piazza-nel-sannio-con-i-gazebo","status":"publish","type":"post","link":"https:\/\/ilsovranista.com\/?p=3693","title":{"rendered":"Decreto sicurezza, la Lega torna in piazza nel Sannio con i gazebo"},"content":{"rendered":"<p style=\"text-align: left;\">Nel fine settimana la Lega del Sannio \u00e8 scesa in piazza a difesa delle forze dell\u2019ordine, e per illustrare ai cittadini il decreto sicurezza di recente approvato in Parlamento. Gazebo nelle piazze di Benevento, Fragneto Monforte, e Montesarchio dove sono state raccolte circa 1.000 firme, mentre marted\u00ec la Lega sar\u00e0 di scena a San Giorgio del Sannio durante il mercato settimanale. Presenti i massimi dirigenti provinciali Luigi Bocchino e Luigi Barone, nonch\u00e9 il responsabile della Valle Caudina Michele Izzo unitamente a molti militanti della zona.<\/p>\n<p>\u201cCom\u2019\u00e8 noto \u2013 scrive il coordinatore provinciale Bocchino \u2013 il decreto sicurezza fortemente voluto dalla Lega rafforza la tutela dei cittadini e delle loro libert\u00e0 per quanto riguarda la lotta all\u2019occupazione abusiva di case ed edifici pubblici, con daspo anti maranza in stazioni e metropolitane, e tolleranza zero in caso di truffe agli anziani: prevede inoltre l\u2019inasprimento delle pene per i teppisti e violenti di ogni genere. La sicurezza dei cittadini \u00e8 affidata alle forze dell\u2019ordine a cui va tutta la gratitudine e la solidariet\u00e0 da parte della Lega del Sannio per ci\u00f2 che fanno a tutela della intera collettivit\u00e0.<\/p>\n","protected":false},"excerpt":{"rendered":"<p>Nel fine settimana la Lega del Sannio \u00e8 scesa in piazza a difesa delle forze dell\u2019ordine, e per illustrare ai cittadini il decreto sicurezza di recente approvato in Parlamento. Gazebo nelle piazze di Benevento, Fragneto Monforte, e Montesarchio dove sono state raccolte circa 1.000 firme, mentre marted\u00ec la Lega sar\u00e0 di scena a San Giorgio [&hellip;]<\/p>\n","protected":false},"author":3,"featured_media":3312,"comment_status":"open","ping_status":"closed","sticky":false,"template":"","format":"standard","meta":{"om_disable_all_campaigns":false,"_monsterinsights_skip_tracking":false,"_monsterinsights_sitenote_active":false,"_monsterinsights_sitenote_note":"","_monsterinsights_sitenote_category":0,"_uf_show_specific_survey":0,"_uf_disable_surveys":false,"footnotes":""},"categories":[36],"tags":[],"class_list":{"0":"post-3693","1":"post","2":"type-post","3":"status-publish","4":"format-standard","5":"has-post-thumbnail","7":"category-prima-i-territori"},"aioseo_notices":[],"_links":{"self":[{"href":"https:\/\/ilsovranista.com\/index.php?rest_route=\/wp\/v2\/posts\/3693","targetHints":{"allow":["GET"]}}],"collection":[{"href":"https:\/\/ilsovranista.com\/index.php?rest_route=\/wp\/v2\/posts"}],"about":[{"href":"https:\/\/ilsovranista.com\/index.php?rest_route=\/wp\/v2\/types\/post"}],"author":[{"embeddable":true,"href":"https:\/\/ilsovranista.com\/index.php?rest_route=\/wp\/v2\/users\/3"}],"replies":[{"embeddable":true,"href":"https:\/\/ilsovranista.com\/index.php?rest_route=%2Fwp%2Fv2%2Fcomments&post=3693"}],"version-history":[{"count":1,"href":"https:\/\/ilsovranista.com\/index.php?rest_route=\/wp\/v2\/posts\/3693\/revisions"}],"predecessor-version":[{"id":3694,"href":"https:\/\/ilsovranista.com\/index.php?rest_route=\/wp\/v2\/posts\/3693\/revisions\/3694"}],"wp:featuredmedia":[{"embeddable":true,"href":"https:\/\/ilsovranista.com\/index.php?rest_route=\/wp\/v2\/media\/3312"}],"wp:attachment":[{"href":"https:\/\/ilsovranista.com\/index.php?rest_route=%2Fwp%2Fv2%2Fmedia&parent=3693"}],"wp:term":[{"taxonomy":"category","embeddable":true,"href":"https:\/\/ilsovranista.com\/index.php?rest_route=%2Fwp%2Fv2%2Fcategories&post=3693"},{"taxonomy":"post_tag","embeddable":true,"href":"https:\/\/ilsovranista.com\/index.php?rest_route=%2Fwp%2Fv2%2Ftags&post=3693"}],"curies":[{"name":"wp","href":"https:\/\/api.w.org\/{rel}","templated":true}]}}