{"id":3677,"date":"2025-06-21T10:21:37","date_gmt":"2025-06-21T08:21:37","guid":{"rendered":"https:\/\/ilsovranista.com\/?p=3677"},"modified":"2025-06-21T10:21:37","modified_gmt":"2025-06-21T08:21:37","slug":"crosetto-i-tempi-sono-cambiati-cambi-anche-la-nato","status":"publish","type":"post","link":"https:\/\/ilsovranista.com\/?p=3677","title":{"rendered":"Crosetto, &#8216;i tempi sono cambiati, cambi anche la Nato&#8217;"},"content":{"rendered":"<p>Il centro del mondo non sono pi\u00f9 Usa e Ue, la Nato si adegui ai temi cambiati&#8221;. Cos\u00ec il ministro della Difesa <strong>Crosetto <\/strong>precisando: &#8220;se la Nato \u00e8 nata per garantire la pace e la mutua difesa o diventa un&#8217;organizzazione che si prende questo compito parlando con il Sud del mondo oppure non raggiungeremo l&#8217;obiettivo di avere sicurezza all&#8217;interno di regole che valgano per tutti&#8221;.<\/p>\n<p>In merito alla richiesta di basi Usa per le operazioni in Medio Oriente, il ministro ha spiegato che &#8220;c&#8217;\u00e8 una convenzione che disciplina l&#8217;utilizzo delle basi che devono essere utilizzate per motivi diversi a quelli normali ma al momento non c&#8217;\u00e8 nessuna richiesta. Inutile parlare di una cosa che non esiste, ma ogni volta che il Parlamento chiede di andare a relazionare si va, non \u00e8 una prassi, \u00e8 un obbligo&#8221;.<\/p>\n","protected":false},"excerpt":{"rendered":"<p>Il centro del mondo non sono pi\u00f9 Usa e Ue, la Nato si adegui ai temi cambiati&#8221;. Cos\u00ec il ministro della Difesa Crosetto precisando: &#8220;se la Nato \u00e8 nata per garantire la pace e la mutua difesa o diventa un&#8217;organizzazione che si prende questo compito parlando con il Sud del mondo oppure non raggiungeremo l&#8217;obiettivo [&hellip;]<\/p>\n","protected":false},"author":3,"featured_media":3223,"comment_status":"open","ping_status":"closed","sticky":false,"template":"","format":"standard","meta":{"om_disable_all_campaigns":false,"_monsterinsights_skip_tracking":false,"_monsterinsights_sitenote_active":false,"_monsterinsights_sitenote_note":"","_monsterinsights_sitenote_category":0,"_uf_show_specific_survey":0,"_uf_disable_surveys":false,"footnotes":""},"categories":[33],"tags":[],"class_list":{"0":"post-3677","1":"post","2":"type-post","3":"status-publish","4":"format-standard","5":"has-post-thumbnail","7":"category-politica"},"aioseo_notices":[],"_links":{"self":[{"href":"https:\/\/ilsovranista.com\/index.php?rest_route=\/wp\/v2\/posts\/3677","targetHints":{"allow":["GET"]}}],"collection":[{"href":"https:\/\/ilsovranista.com\/index.php?rest_route=\/wp\/v2\/posts"}],"about":[{"href":"https:\/\/ilsovranista.com\/index.php?rest_route=\/wp\/v2\/types\/post"}],"author":[{"embeddable":true,"href":"https:\/\/ilsovranista.com\/index.php?rest_route=\/wp\/v2\/users\/3"}],"replies":[{"embeddable":true,"href":"https:\/\/ilsovranista.com\/index.php?rest_route=%2Fwp%2Fv2%2Fcomments&post=3677"}],"version-history":[{"count":1,"href":"https:\/\/ilsovranista.com\/index.php?rest_route=\/wp\/v2\/posts\/3677\/revisions"}],"predecessor-version":[{"id":3678,"href":"https:\/\/ilsovranista.com\/index.php?rest_route=\/wp\/v2\/posts\/3677\/revisions\/3678"}],"wp:featuredmedia":[{"embeddable":true,"href":"https:\/\/ilsovranista.com\/index.php?rest_route=\/wp\/v2\/media\/3223"}],"wp:attachment":[{"href":"https:\/\/ilsovranista.com\/index.php?rest_route=%2Fwp%2Fv2%2Fmedia&parent=3677"}],"wp:term":[{"taxonomy":"category","embeddable":true,"href":"https:\/\/ilsovranista.com\/index.php?rest_route=%2Fwp%2Fv2%2Fcategories&post=3677"},{"taxonomy":"post_tag","embeddable":true,"href":"https:\/\/ilsovranista.com\/index.php?rest_route=%2Fwp%2Fv2%2Ftags&post=3677"}],"curies":[{"name":"wp","href":"https:\/\/api.w.org\/{rel}","templated":true}]}}