{"id":3657,"date":"2025-06-19T18:57:54","date_gmt":"2025-06-19T16:57:54","guid":{"rendered":"https:\/\/ilsovranista.com\/?p=3657"},"modified":"2025-06-19T18:58:48","modified_gmt":"2025-06-19T16:58:48","slug":"musulmani-razza-inferiore-feltri-sospeso-per-4-mesi-dallordine-dei-giornalisti","status":"publish","type":"post","link":"https:\/\/ilsovranista.com\/?p=3657","title":{"rendered":"&#8220;Musulmani razza inferiore&#8221;. Feltri sospeso per 4 mesi dall&#8217;Ordine dei Giornalisti"},"content":{"rendered":"<header class=\"top-head\">\n<section class=\"bread-cont row-bot-line\"><\/section>\n<div class=\"arpage-head\"><\/div>\n<\/header>\n<div class=\"ar-cont\">\n<div class=\"arpage-info row-bot-line\">\n<div class=\"left\">\n<div class=\"row\"><\/div>\n<\/div>\n<div class=\"right\">\n<div class=\"social-share\">\n<div class=\"social-icon-cont\"><strong>Vittorio Feltri<\/strong>, direttore de Il<strong> Giornale<\/strong>, \u00e8 stato sospeso per quattro mesi dal Consiglio di disciplina dell&#8217;Ordine dei giornalisti della Lombardia per le parole pronunciate nella puntata del 28 novembre 2024 del programma <strong>La Zanzara<\/strong> <strong>di Radio24<\/strong>. La decisione, apprende l&#8217;Adnkronos, \u00e8 stata presa a fine marzo ed \u00e8 sospesa fino a quando il Consiglio nazionale dell&#8217;Ordine non si pronuncer\u00e0 sull&#8217;appello.<\/div>\n<div>Le frasi sono state pronunciate in riferimento alle proteste nel quartiere Corvetto di Milano per la morte di<strong> Ramy<\/strong> <strong>Elgaml<\/strong>, il giovane che ha perso la vita durante un inseguimento dei carabinieri. Feltri, non nuovo a frasi contro gli extracomunitari, \u00e8 stato sanzionato per le parole &#8220;I musulmani, ma io gli sparerei in bocca. Io non mi vergogno affatto di considerare i musulmani delle razze inferiori&#8221;.<\/div>\n<\/div>\n<\/div>\n<\/div>\n<\/div>\n","protected":false},"excerpt":{"rendered":"<p>Vittorio Feltri, direttore de Il Giornale, \u00e8 stato sospeso per quattro mesi dal Consiglio di disciplina dell&#8217;Ordine dei giornalisti della Lombardia per le parole pronunciate nella puntata del 28 novembre 2024 del programma La Zanzara di Radio24. La decisione, apprende l&#8217;Adnkronos, \u00e8 stata presa a fine marzo ed \u00e8 sospesa fino a quando il Consiglio [&hellip;]<\/p>\n","protected":false},"author":3,"featured_media":3660,"comment_status":"open","ping_status":"closed","sticky":false,"template":"","format":"standard","meta":{"om_disable_all_campaigns":false,"_monsterinsights_skip_tracking":false,"_monsterinsights_sitenote_active":false,"_monsterinsights_sitenote_note":"","_monsterinsights_sitenote_category":0,"_uf_show_specific_survey":0,"_uf_disable_surveys":false,"footnotes":""},"categories":[1],"tags":[],"class_list":{"0":"post-3657","1":"post","2":"type-post","3":"status-publish","4":"format-standard","5":"has-post-thumbnail","7":"category-senza-categoria"},"aioseo_notices":[],"_links":{"self":[{"href":"https:\/\/ilsovranista.com\/index.php?rest_route=\/wp\/v2\/posts\/3657","targetHints":{"allow":["GET"]}}],"collection":[{"href":"https:\/\/ilsovranista.com\/index.php?rest_route=\/wp\/v2\/posts"}],"about":[{"href":"https:\/\/ilsovranista.com\/index.php?rest_route=\/wp\/v2\/types\/post"}],"author":[{"embeddable":true,"href":"https:\/\/ilsovranista.com\/index.php?rest_route=\/wp\/v2\/users\/3"}],"replies":[{"embeddable":true,"href":"https:\/\/ilsovranista.com\/index.php?rest_route=%2Fwp%2Fv2%2Fcomments&post=3657"}],"version-history":[{"count":2,"href":"https:\/\/ilsovranista.com\/index.php?rest_route=\/wp\/v2\/posts\/3657\/revisions"}],"predecessor-version":[{"id":3662,"href":"https:\/\/ilsovranista.com\/index.php?rest_route=\/wp\/v2\/posts\/3657\/revisions\/3662"}],"wp:featuredmedia":[{"embeddable":true,"href":"https:\/\/ilsovranista.com\/index.php?rest_route=\/wp\/v2\/media\/3660"}],"wp:attachment":[{"href":"https:\/\/ilsovranista.com\/index.php?rest_route=%2Fwp%2Fv2%2Fmedia&parent=3657"}],"wp:term":[{"taxonomy":"category","embeddable":true,"href":"https:\/\/ilsovranista.com\/index.php?rest_route=%2Fwp%2Fv2%2Fcategories&post=3657"},{"taxonomy":"post_tag","embeddable":true,"href":"https:\/\/ilsovranista.com\/index.php?rest_route=%2Fwp%2Fv2%2Ftags&post=3657"}],"curies":[{"name":"wp","href":"https:\/\/api.w.org\/{rel}","templated":true}]}}