{"id":3651,"date":"2025-06-19T18:45:33","date_gmt":"2025-06-19T16:45:33","guid":{"rendered":"https:\/\/ilsovranista.com\/?p=3651"},"modified":"2025-06-19T18:45:33","modified_gmt":"2025-06-19T16:45:33","slug":"sanita-mancini-fdi-il-rinnovo-del-contratto-nazionale-di-oltre-580-000-operatori-e-importante-passo-avanti","status":"publish","type":"post","link":"https:\/\/ilsovranista.com\/?p=3651","title":{"rendered":"Sanit\u00e0, Mancini (Fdi): il rinnovo del contratto nazionale di oltre 580.000 operatori \u00e8 importante passo avanti"},"content":{"rendered":"<p>\u201cUn altro passo in avanti per migliorare il nostro servizio sanitario pubblico con il rinnovo del contratto collettivo nazionale degli oltre 580.000 operatori che ne garantiscono ogni giorno il funzionamento accanto ai medici. A infermieri, tecnici, amministrativi e personale sanitario non medico viene riconosciuto un aumento medio mensile di 172 euro, quasi il 7% rispetto allo stipendio attuale. Un risultato importante, ancorch\u00e9 tardivo, che nasce dalla precisa volont\u00e0 del Governo di recuperare il pi\u00f9 in fretta possibile i pesanti ritardi ereditati dagli esecutivi precedenti. Questo infatti \u00e8 il secondo contratto della sanit\u00e0 rinnovato da questo Governo, con uno stanziamento pari a 1,784 miliardi di euro. Siamo molto consapevoli di quanto siano preziose tutte le persone che lavorano all\u2019interno delle strutture sanitarie e cerchiamo quindi di metterle nelle condizioni di svolgere al meglio il loro delicato compito. Si tratta di un passo importante all\u2019interno di un percorso progettuale che vogliamo portare a termine con il Governo di Giorgia Meloni per la riforma della sanit\u00e0, che vuol dire drastica riduzione delle liste d\u2019attesa e molto altro. \u00c8 un progetto ambizioso ma raggiungibile, proprio perch\u00e9 possiamo contare su professionisti preparati a cui va la nostra gratitudine\u201d.<\/p>\n<p>Lo dichiara <strong>Paola Mancini<\/strong>, senatore di <strong>Fratelli d&#8217;Italia<\/strong> componente della commissione Sanit\u00e0 e Lavoro in Senato.<\/p>\n","protected":false},"excerpt":{"rendered":"<p>\u201cUn altro passo in avanti per migliorare il nostro servizio sanitario pubblico con il rinnovo del contratto collettivo nazionale degli oltre 580.000 operatori che ne garantiscono ogni giorno il funzionamento accanto ai medici. A infermieri, tecnici, amministrativi e personale sanitario non medico viene riconosciuto un aumento medio mensile di 172 euro, quasi il 7% rispetto [&hellip;]<\/p>\n","protected":false},"author":3,"featured_media":3652,"comment_status":"open","ping_status":"closed","sticky":false,"template":"","format":"standard","meta":{"om_disable_all_campaigns":false,"_monsterinsights_skip_tracking":false,"_monsterinsights_sitenote_active":false,"_monsterinsights_sitenote_note":"","_monsterinsights_sitenote_category":0,"_uf_show_specific_survey":0,"_uf_disable_surveys":false,"footnotes":""},"categories":[33],"tags":[],"class_list":{"0":"post-3651","1":"post","2":"type-post","3":"status-publish","4":"format-standard","5":"has-post-thumbnail","7":"category-politica"},"aioseo_notices":[],"_links":{"self":[{"href":"https:\/\/ilsovranista.com\/index.php?rest_route=\/wp\/v2\/posts\/3651","targetHints":{"allow":["GET"]}}],"collection":[{"href":"https:\/\/ilsovranista.com\/index.php?rest_route=\/wp\/v2\/posts"}],"about":[{"href":"https:\/\/ilsovranista.com\/index.php?rest_route=\/wp\/v2\/types\/post"}],"author":[{"embeddable":true,"href":"https:\/\/ilsovranista.com\/index.php?rest_route=\/wp\/v2\/users\/3"}],"replies":[{"embeddable":true,"href":"https:\/\/ilsovranista.com\/index.php?rest_route=%2Fwp%2Fv2%2Fcomments&post=3651"}],"version-history":[{"count":1,"href":"https:\/\/ilsovranista.com\/index.php?rest_route=\/wp\/v2\/posts\/3651\/revisions"}],"predecessor-version":[{"id":3653,"href":"https:\/\/ilsovranista.com\/index.php?rest_route=\/wp\/v2\/posts\/3651\/revisions\/3653"}],"wp:featuredmedia":[{"embeddable":true,"href":"https:\/\/ilsovranista.com\/index.php?rest_route=\/wp\/v2\/media\/3652"}],"wp:attachment":[{"href":"https:\/\/ilsovranista.com\/index.php?rest_route=%2Fwp%2Fv2%2Fmedia&parent=3651"}],"wp:term":[{"taxonomy":"category","embeddable":true,"href":"https:\/\/ilsovranista.com\/index.php?rest_route=%2Fwp%2Fv2%2Fcategories&post=3651"},{"taxonomy":"post_tag","embeddable":true,"href":"https:\/\/ilsovranista.com\/index.php?rest_route=%2Fwp%2Fv2%2Ftags&post=3651"}],"curies":[{"name":"wp","href":"https:\/\/api.w.org\/{rel}","templated":true}]}}