{"id":3647,"date":"2025-06-19T18:38:36","date_gmt":"2025-06-19T16:38:36","guid":{"rendered":"https:\/\/ilsovranista.com\/?p=3647"},"modified":"2025-06-19T18:38:36","modified_gmt":"2025-06-19T16:38:36","slug":"radio-liberta-hackerata-spuntano-messaggi-pro-palestina-durante-la-diretta","status":"publish","type":"post","link":"https:\/\/ilsovranista.com\/?p=3647","title":{"rendered":"Radio Libert\u00e0 hackerata, spuntano messaggi pro Palestina durante la diretta"},"content":{"rendered":"<p>Durante una diretta su Radio Libert\u00e0, sono apparsi messaggi non autorizzati in sovrimpressione, al posto delle classiche\u00a0 notizie d\u2019agenzia. I testi, inseriti da ignoti, recitavano: \u201cchiediamo il cessate il fuoco immediato e la liberazione della Palestina e dell\u2019Iran, free Palestine\u201d, e \u201cRadio Libert\u00e0 augura a tutti buon Pride, perch\u00e9 nessun partito politico pu\u00f2 dettare chi siete o che cosa fate\u201d. Secondo l\u2019emittente, si \u00e8 trattato di un attacco informatico che ha modificato il codice del sistema di scorrimento delle news. I tecnici hanno ripristinato la situazione in breve tempo.<\/p>\n<p>Una lettera titolata &#8221; I Pro Pal ci hanno hackerato. Li salutiamo tanto&#8221; \u00e8 stata poi pubblicata sul sito della Radio e, nel corso di uno speciale andato in onda poco dopo, i conduttori hanno commentato:\u00a0\u201cSiamo per la liberazione della Palestina, ma da Hamas. E per la libert\u00e0 dell\u2019Iran, oggi oppresso da un regime islamista\u201d. Quanto al messaggio sul Pride, \u00e8 stato chiarito:\u00a0\u201cSiamo contro l\u2019ideologia Woke, non contro le persone. E ricordiamo che l\u2019unico Stato in Medio Oriente dove si pu\u00f2 fare un Pride \u00e8 Israele\u201d. Radio Libert\u00e0 sta valutando se procedere legalmente contro gli autori dell\u2019attacco.<\/p>\n<p>&nbsp;<\/p>\n","protected":false},"excerpt":{"rendered":"<p>Durante una diretta su Radio Libert\u00e0, sono apparsi messaggi non autorizzati in sovrimpressione, al posto delle classiche\u00a0 notizie d\u2019agenzia. I testi, inseriti da ignoti, recitavano: \u201cchiediamo il cessate il fuoco immediato e la liberazione della Palestina e dell\u2019Iran, free Palestine\u201d, e \u201cRadio Libert\u00e0 augura a tutti buon Pride, perch\u00e9 nessun partito politico pu\u00f2 dettare chi [&hellip;]<\/p>\n","protected":false},"author":3,"featured_media":3649,"comment_status":"open","ping_status":"closed","sticky":false,"template":"","format":"standard","meta":{"om_disable_all_campaigns":false,"_monsterinsights_skip_tracking":false,"_monsterinsights_sitenote_active":false,"_monsterinsights_sitenote_note":"","_monsterinsights_sitenote_category":0,"_uf_show_specific_survey":0,"_uf_disable_surveys":false,"footnotes":""},"categories":[33],"tags":[],"class_list":{"0":"post-3647","1":"post","2":"type-post","3":"status-publish","4":"format-standard","5":"has-post-thumbnail","7":"category-politica"},"aioseo_notices":[],"_links":{"self":[{"href":"https:\/\/ilsovranista.com\/index.php?rest_route=\/wp\/v2\/posts\/3647","targetHints":{"allow":["GET"]}}],"collection":[{"href":"https:\/\/ilsovranista.com\/index.php?rest_route=\/wp\/v2\/posts"}],"about":[{"href":"https:\/\/ilsovranista.com\/index.php?rest_route=\/wp\/v2\/types\/post"}],"author":[{"embeddable":true,"href":"https:\/\/ilsovranista.com\/index.php?rest_route=\/wp\/v2\/users\/3"}],"replies":[{"embeddable":true,"href":"https:\/\/ilsovranista.com\/index.php?rest_route=%2Fwp%2Fv2%2Fcomments&post=3647"}],"version-history":[{"count":1,"href":"https:\/\/ilsovranista.com\/index.php?rest_route=\/wp\/v2\/posts\/3647\/revisions"}],"predecessor-version":[{"id":3650,"href":"https:\/\/ilsovranista.com\/index.php?rest_route=\/wp\/v2\/posts\/3647\/revisions\/3650"}],"wp:featuredmedia":[{"embeddable":true,"href":"https:\/\/ilsovranista.com\/index.php?rest_route=\/wp\/v2\/media\/3649"}],"wp:attachment":[{"href":"https:\/\/ilsovranista.com\/index.php?rest_route=%2Fwp%2Fv2%2Fmedia&parent=3647"}],"wp:term":[{"taxonomy":"category","embeddable":true,"href":"https:\/\/ilsovranista.com\/index.php?rest_route=%2Fwp%2Fv2%2Fcategories&post=3647"},{"taxonomy":"post_tag","embeddable":true,"href":"https:\/\/ilsovranista.com\/index.php?rest_route=%2Fwp%2Fv2%2Ftags&post=3647"}],"curies":[{"name":"wp","href":"https:\/\/api.w.org\/{rel}","templated":true}]}}