{"id":3378,"date":"2025-05-25T21:12:15","date_gmt":"2025-05-25T19:12:15","guid":{"rendered":"https:\/\/ilsovranista.com\/?p=3378"},"modified":"2025-05-25T21:13:31","modified_gmt":"2025-05-25T19:13:31","slug":"regionali-2025-cirielli-fdi-il-mio-nome-non-va-beneregionali-2025-cirielli-fdi-il-mio-nome-non-va-bene-non-e-un-problema-pronto-a-dare-una-mano","status":"publish","type":"post","link":"https:\/\/ilsovranista.com\/?p=3378","title":{"rendered":"Regionali 2025, Cirielli (FdI): &#8220;Il mio nome non va bene. Non \u00e8 un problema, pronto a dare una mano&#8221;"},"content":{"rendered":"<p>&#8220;Ho dato la disponibilit\u00e0 sul mio nome, ma se il mio nome di per s\u00e9 non va bene non \u00e8 un problema, l\u2019ho detto per dare una mano, finora non \u00e8 mai stato detto che non andava bene\u201d. Lo ha dichiarato il viceministro per gli Affari esteri,<strong>\u00a0Edmondo Cirielli<\/strong>, rispondendo sulle elezioni regionali in Campania a margine del convegno di Fratelli d\u2019Italia in Campania\u00a0a Caivano.<\/p>\n<p>\u201cSiamo in democrazia, precisa Cirielli, rispondendo alle parole di Fulvio Martusciello che rilancia la candidatura per il centrodestra di una figura civica, ognuno ha l\u2019idea che ritiene pi\u00f9 opportuna, poi penso che in democrazia i voti contano molto e Fratelli d\u2019Italia nei sondaggi ne ha pi\u00f9 del triplo di Forza Italia, in tutte le ultime consultazioni europee e politiche li abbiamo sempre pi\u00f9 che doppiati, anche triplicati, in Campania doppiati, questo ha un significato. Se la proposta di Forza Italia \u00e8 una proposta civica, vediamo innanzitutto quali sono i nomi, \u00e8 chiaro che anche su nomi civici la voce di Fratelli d\u2019Italia avr\u00e0 un peso democratico diverso della voce degli alleati\u201d.<\/p>\n<p>&nbsp;<\/p>\n<p>&nbsp;<\/p>\n","protected":false},"excerpt":{"rendered":"<p>&#8220;Ho dato la disponibilit\u00e0 sul mio nome, ma se il mio nome di per s\u00e9 non va bene non \u00e8 un problema, l\u2019ho detto per dare una mano, finora non \u00e8 mai stato detto che non andava bene\u201d. Lo ha dichiarato il viceministro per gli Affari esteri,\u00a0Edmondo Cirielli, rispondendo sulle elezioni regionali in Campania a [&hellip;]<\/p>\n","protected":false},"author":3,"featured_media":3379,"comment_status":"open","ping_status":"closed","sticky":false,"template":"","format":"standard","meta":{"om_disable_all_campaigns":false,"_monsterinsights_skip_tracking":false,"_monsterinsights_sitenote_active":false,"_monsterinsights_sitenote_note":"","_monsterinsights_sitenote_category":0,"_uf_show_specific_survey":0,"_uf_disable_surveys":false,"footnotes":""},"categories":[36],"tags":[],"class_list":{"0":"post-3378","1":"post","2":"type-post","3":"status-publish","4":"format-standard","5":"has-post-thumbnail","7":"category-prima-i-territori"},"aioseo_notices":[],"_links":{"self":[{"href":"https:\/\/ilsovranista.com\/index.php?rest_route=\/wp\/v2\/posts\/3378","targetHints":{"allow":["GET"]}}],"collection":[{"href":"https:\/\/ilsovranista.com\/index.php?rest_route=\/wp\/v2\/posts"}],"about":[{"href":"https:\/\/ilsovranista.com\/index.php?rest_route=\/wp\/v2\/types\/post"}],"author":[{"embeddable":true,"href":"https:\/\/ilsovranista.com\/index.php?rest_route=\/wp\/v2\/users\/3"}],"replies":[{"embeddable":true,"href":"https:\/\/ilsovranista.com\/index.php?rest_route=%2Fwp%2Fv2%2Fcomments&post=3378"}],"version-history":[{"count":3,"href":"https:\/\/ilsovranista.com\/index.php?rest_route=\/wp\/v2\/posts\/3378\/revisions"}],"predecessor-version":[{"id":3382,"href":"https:\/\/ilsovranista.com\/index.php?rest_route=\/wp\/v2\/posts\/3378\/revisions\/3382"}],"wp:featuredmedia":[{"embeddable":true,"href":"https:\/\/ilsovranista.com\/index.php?rest_route=\/wp\/v2\/media\/3379"}],"wp:attachment":[{"href":"https:\/\/ilsovranista.com\/index.php?rest_route=%2Fwp%2Fv2%2Fmedia&parent=3378"}],"wp:term":[{"taxonomy":"category","embeddable":true,"href":"https:\/\/ilsovranista.com\/index.php?rest_route=%2Fwp%2Fv2%2Fcategories&post=3378"},{"taxonomy":"post_tag","embeddable":true,"href":"https:\/\/ilsovranista.com\/index.php?rest_route=%2Fwp%2Fv2%2Ftags&post=3378"}],"curies":[{"name":"wp","href":"https:\/\/api.w.org\/{rel}","templated":true}]}}