{"id":335,"date":"2024-11-11T01:00:00","date_gmt":"2024-11-11T00:00:00","guid":{"rendered":""},"modified":"2024-11-12T14:41:07","modified_gmt":"2024-11-12T13:41:07","slug":"bologna-malan-fdi-solidarieta-al","status":"publish","type":"post","link":"https:\/\/ilsovranista.com\/?p=335","title":{"rendered":"Bologna. Malan (FdI): solidariet\u00e0 al premier Meloni e a Bernini bersaglio di infami manifesti"},"content":{"rendered":"<p>&nbsp;<\/p>\n<p><span style=\"font-family: arial;\"><\/p>\n<div class=\"separator\" style=\"clear: both; text-align: center;\"><a href=\"https:\/\/blogger.googleusercontent.com\/img\/b\/R29vZ2xl\/AVvXsEg60FJTOvQf4yafBbLbzAuDXh6rjSOCgnK2-cApS7LsqDfmplPeLkpVZ0CShEuB2EB6P8AtdubOWH0STDuUxa48FrpEWLj7vA_jNb8RtMv8RSbLvQAx4z7P0LMNdzFNr0rBsIJiEsyWCsT0g6QlUJyMQ6eF43P0XdtIcTeFFF2aRNvED-JeZwFsqckF7k_k\/s457\/malan.jpg\" imageanchor=\"1\" style=\"clear: left; float: left; margin-bottom: 1em; margin-right: 1em;\"><img fetchpriority=\"high\" decoding=\"async\" border=\"0\" data-original-height=\"304\" data-original-width=\"457\" height=\"213\" src=\"https:\/\/prova.ilsovranista.com\/wp-content\/uploads\/2024\/11\/malan.jpg\" class=\"wp-image-336\" width=\"320\" \/><\/a><\/div>\n<p>\u201cA nome dei senatori di <b>Fratelli d\u2019Italia<\/b> e mio personale esprimo solidariet\u00e0 al presidente del Consiglio Giorgia Meloni e al ministro dell\u2019Universit\u00e0, Anna Maria Bernini, bersaglio di infami manifesti che evocano violenza contro di loro nel chiamare a un improbabile \u2018sciopero studentesco\u2019. \u00c8 preoccupante che chiunque suggerisca violenza contro due donne, tanto pi\u00f9 se lo fanno studenti universitari che dovrebbero avere qualche rudimento di cultura. \u00c8 vero che ogni tanto si leggono spropositi inquietanti espressi addirittura da docenti, ma questo rende ancora pi\u00f9 necessario una risoluta condanna di questi manifesti da parte di tutti\u201d.<br \/>Lo dichiara&nbsp;&nbsp;<b>Lucio Malan, <\/b>presidente dei senatori di <b>Fratelli d&#8217;Italia&nbsp;<\/b><\/span><\/p>\n","protected":false},"excerpt":{"rendered":"<p>&nbsp; \u201cA nome dei senatori di Fratelli d\u2019Italia e mio personale esprimo solidariet\u00e0 al presidente del Consiglio Giorgia Meloni e al ministro dell\u2019Universit\u00e0, Anna Maria Bernini, bersaglio di infami manifesti che evocano violenza contro di loro nel chiamare a un improbabile \u2018sciopero studentesco\u2019. \u00c8 preoccupante che chiunque suggerisca violenza contro due donne, tanto pi\u00f9 se [&hellip;]<\/p>\n","protected":false},"author":2,"featured_media":336,"comment_status":"open","ping_status":"closed","sticky":false,"template":"","format":"standard","meta":{"om_disable_all_campaigns":false,"_monsterinsights_skip_tracking":false,"_monsterinsights_sitenote_active":false,"_monsterinsights_sitenote_note":"","_monsterinsights_sitenote_category":0,"_uf_show_specific_survey":0,"_uf_disable_surveys":false,"footnotes":""},"categories":[33],"tags":[31],"class_list":{"0":"post-335","1":"post","2":"type-post","3":"status-publish","4":"format-standard","5":"has-post-thumbnail","7":"category-politica","8":"tag-politica"},"aioseo_notices":[],"_links":{"self":[{"href":"https:\/\/ilsovranista.com\/index.php?rest_route=\/wp\/v2\/posts\/335","targetHints":{"allow":["GET"]}}],"collection":[{"href":"https:\/\/ilsovranista.com\/index.php?rest_route=\/wp\/v2\/posts"}],"about":[{"href":"https:\/\/ilsovranista.com\/index.php?rest_route=\/wp\/v2\/types\/post"}],"author":[{"embeddable":true,"href":"https:\/\/ilsovranista.com\/index.php?rest_route=\/wp\/v2\/users\/2"}],"replies":[{"embeddable":true,"href":"https:\/\/ilsovranista.com\/index.php?rest_route=%2Fwp%2Fv2%2Fcomments&post=335"}],"version-history":[{"count":1,"href":"https:\/\/ilsovranista.com\/index.php?rest_route=\/wp\/v2\/posts\/335\/revisions"}],"predecessor-version":[{"id":363,"href":"https:\/\/ilsovranista.com\/index.php?rest_route=\/wp\/v2\/posts\/335\/revisions\/363"}],"wp:featuredmedia":[{"embeddable":true,"href":"https:\/\/ilsovranista.com\/index.php?rest_route=\/wp\/v2\/media\/336"}],"wp:attachment":[{"href":"https:\/\/ilsovranista.com\/index.php?rest_route=%2Fwp%2Fv2%2Fmedia&parent=335"}],"wp:term":[{"taxonomy":"category","embeddable":true,"href":"https:\/\/ilsovranista.com\/index.php?rest_route=%2Fwp%2Fv2%2Fcategories&post=335"},{"taxonomy":"post_tag","embeddable":true,"href":"https:\/\/ilsovranista.com\/index.php?rest_route=%2Fwp%2Fv2%2Ftags&post=335"}],"curies":[{"name":"wp","href":"https:\/\/api.w.org\/{rel}","templated":true}]}}