{"id":333,"date":"2024-11-11T05:18:00","date_gmt":"2024-11-11T04:18:00","guid":{"rendered":""},"modified":"2024-11-12T14:40:57","modified_gmt":"2024-11-12T13:40:57","slug":"bologna-casapound-e-rete-dei-patrioti","status":"publish","type":"post","link":"https:\/\/ilsovranista.com\/?p=333","title":{"rendered":"Bologna, CasaPound e Rete dei Patrioti: non esistono citt\u00e0 ostaggio dei centri sociali"},"content":{"rendered":"<div>\n<div class=\"separator\" style=\"clear: both; text-align: center;\"><a href=\"https:\/\/blogger.googleusercontent.com\/img\/b\/R29vZ2xl\/AVvXsEg-2eAOhCnZv7MpB_7Sah6DH4mouuHCtWvENrh-4_HUL7PFaS0SvQ5pCStj6yL44QRMgqErJWeJRwvmIAOuwPjToPPAjBlxrHXE0YpPgEe8TbrAi6nnMqcs42h_CB5m7_h_oqhUgvW3-usG6i2iDeAM1M1RUMLBoxqOd2TD2zxzlOv_rj-BtKcZEy4SQwK8\/s1280\/cp%20bologna.jpg\" imageanchor=\"1\" style=\"clear: left; float: left; margin-bottom: 1em; margin-right: 1em;\"><img fetchpriority=\"high\" decoding=\"async\" border=\"0\" data-original-height=\"853\" data-original-width=\"1280\" height=\"213\" src=\"https:\/\/prova.ilsovranista.com\/wp-content\/uploads\/2024\/11\/cp20bologna.jpg\" class=\"wp-image-334\" width=\"320\" \/><\/a><\/div>\n<p><span style=\"font-family: arial;\"><br \/><\/span><\/div>\n<p><span style=\"font-family: arial;\"><\/p>\n<div><span style=\"font-family: arial;\"><br \/><\/span><\/div>\n<p>\u201cConsiderate alcune ricostruzioni dei giornali piuttosto fantasiose, vogliamo precisare che nulla ci \u00e8 stato impedito ieri, n\u00e9 dalle forze dell\u2019ordine, tantomeno dalle manifestazioni messe in atto durante la giornata, da Pd, centri sociali e anarchici. Dopo un blocco delle forze dell\u2019ordine in prossimit\u00e0 di piazza XX settembre, la piazza \u00e8 stata raggiunta e in un lato della stessa si sono susseguiti gli interventi, come era stato previsto e autorizzato\u201d. <br \/>\u201cIntendiamo inoltre, esprimere solidariet\u00e0 al passante, assolutamente estraneo a tutto il contesto, che \u00e8 stato vigliaccamente aggredito dai collettivi. La giornata di ieri ha visto da una parte 700 manifestanti della <b>Rete dei Patrioti<\/b> e di <b>CasaPound <\/b>sfilare ordinatamente per le strade di Bologna per rivendicare sicurezza e contro il degrado di una citt\u00e0 allo sbando, dall&#8217;altra altrettanti militanti antifascisti che hanno aggredito passanti e si sono scontrati con la polizia, non riuscendo nemmeno a sfondare un cordone di soli 7 poliziotti, temendo forse che, oltre il cordone, la loro provocazione sarebbe giustamente stata respinta e loro sorte sarebbe stata peggiore. <br \/>La cosa che rattrista di pi\u00f9 noi, come ogni cittadino bolognese che ama la propria citt\u00e0, \u00e8 che questa feccia non solo sia stata fomentata da amministrazione comunale, ANPI e Partito Democratico, con in testa Elly Schlein, ma vedeva tra le proprie fila un consigliere comunale e nientemeno che il vicesindaco. Bologna merita decisamente di meglio\u201d.<br \/>\u201cPer quanto ci riguarda, non possono esistere citt\u00e0 ostaggio dei centri sociali e di uno stantio antifascismo istituzionale e non: continueremo a scendere in piazza e a replicare queste manifestazioni al fianco degli italiani che non si sono ancora arresi, in ogni citt\u00e0 della nostra nazione, che non possiamo lasciare morire sotto i colpi delle scelte ideologiche e del malaffare della politica\u201d.<\/span><\/p>\n<div><span style=\"font-family: arial;\">Lo affermano in una nota, diffusa sui social network, CasaPound e Rete dei Patrioti&nbsp;<\/span><\/div>\n","protected":false},"excerpt":{"rendered":"<p>\u201cConsiderate alcune ricostruzioni dei giornali piuttosto fantasiose, vogliamo precisare che nulla ci \u00e8 stato impedito ieri, n\u00e9 dalle forze dell\u2019ordine, tantomeno dalle manifestazioni messe in atto durante la giornata, da Pd, centri sociali e anarchici. Dopo un blocco delle forze dell\u2019ordine in prossimit\u00e0 di piazza XX settembre, la piazza \u00e8 stata raggiunta e in un [&hellip;]<\/p>\n","protected":false},"author":2,"featured_media":334,"comment_status":"open","ping_status":"closed","sticky":false,"template":"","format":"standard","meta":{"om_disable_all_campaigns":false,"_monsterinsights_skip_tracking":false,"_monsterinsights_sitenote_active":false,"_monsterinsights_sitenote_note":"","_monsterinsights_sitenote_category":0,"_uf_show_specific_survey":0,"_uf_disable_surveys":false,"footnotes":""},"categories":[33],"tags":[31],"class_list":{"0":"post-333","1":"post","2":"type-post","3":"status-publish","4":"format-standard","5":"has-post-thumbnail","7":"category-politica","8":"tag-politica"},"aioseo_notices":[],"_links":{"self":[{"href":"https:\/\/ilsovranista.com\/index.php?rest_route=\/wp\/v2\/posts\/333","targetHints":{"allow":["GET"]}}],"collection":[{"href":"https:\/\/ilsovranista.com\/index.php?rest_route=\/wp\/v2\/posts"}],"about":[{"href":"https:\/\/ilsovranista.com\/index.php?rest_route=\/wp\/v2\/types\/post"}],"author":[{"embeddable":true,"href":"https:\/\/ilsovranista.com\/index.php?rest_route=\/wp\/v2\/users\/2"}],"replies":[{"embeddable":true,"href":"https:\/\/ilsovranista.com\/index.php?rest_route=%2Fwp%2Fv2%2Fcomments&post=333"}],"version-history":[{"count":1,"href":"https:\/\/ilsovranista.com\/index.php?rest_route=\/wp\/v2\/posts\/333\/revisions"}],"predecessor-version":[{"id":362,"href":"https:\/\/ilsovranista.com\/index.php?rest_route=\/wp\/v2\/posts\/333\/revisions\/362"}],"wp:featuredmedia":[{"embeddable":true,"href":"https:\/\/ilsovranista.com\/index.php?rest_route=\/wp\/v2\/media\/334"}],"wp:attachment":[{"href":"https:\/\/ilsovranista.com\/index.php?rest_route=%2Fwp%2Fv2%2Fmedia&parent=333"}],"wp:term":[{"taxonomy":"category","embeddable":true,"href":"https:\/\/ilsovranista.com\/index.php?rest_route=%2Fwp%2Fv2%2Fcategories&post=333"},{"taxonomy":"post_tag","embeddable":true,"href":"https:\/\/ilsovranista.com\/index.php?rest_route=%2Fwp%2Fv2%2Ftags&post=333"}],"curies":[{"name":"wp","href":"https:\/\/api.w.org\/{rel}","templated":true}]}}