{"id":332,"date":"2024-11-11T05:31:00","date_gmt":"2024-11-11T04:31:00","guid":{"rendered":""},"modified":"2024-11-12T14:40:48","modified_gmt":"2024-11-12T13:40:48","slug":"regione-sicilia-contributi","status":"publish","type":"post","link":"https:\/\/ilsovranista.com\/?p=332","title":{"rendered":"Regione Sicilia, contributi all\u2019associazione di sua madre: il deputato Auteri si autosospende da Fdi"},"content":{"rendered":"<p><\/p>\n<div class=\"separator\" style=\"clear: both; text-align: center;\"><a href=\"https:\/\/blogger.googleusercontent.com\/img\/b\/R29vZ2xl\/AVvXsEj2XnE_nC2fiww8Mown5Maazw9x_aLh_3L1rLid5J1AHeIATzIc6azuR7mwS5QM1CxlQwgoU2zrzzJrp1cc2zChjF9G13Bx1Fq_n0_PXhEglWPQcIng-XkQCUEx3sbmuT8ArTNiYppCHLhPf-IoG3FLudtKU7Ko-nn5NUV_CG4LJeafCdu_lAVD2MTavsT4\/s310\/auteri.jfif\" imageanchor=\"1\" style=\"clear: left; float: left; margin-bottom: 1em; margin-right: 1em;\"><img fetchpriority=\"high\" decoding=\"async\" border=\"0\" data-original-height=\"163\" data-original-width=\"310\" height=\"163\" src=\"https:\/\/blogger.googleusercontent.com\/img\/b\/R29vZ2xl\/AVvXsEj2XnE_nC2fiww8Mown5Maazw9x_aLh_3L1rLid5J1AHeIATzIc6azuR7mwS5QM1CxlQwgoU2zrzzJrp1cc2zChjF9G13Bx1Fq_n0_PXhEglWPQcIng-XkQCUEx3sbmuT8ArTNiYppCHLhPf-IoG3FLudtKU7Ko-nn5NUV_CG4LJeafCdu_lAVD2MTavsT4\/s1600\/auteri.jfif\" width=\"310\" \/><\/a><\/div>\n<p><span style=\"font-family: arial;\">Si sospende da&nbsp;<b>Fratelli d\u2019Italia<\/b>. La tempesta mediatica&nbsp; che ha coinvolto&nbsp;<b>Carlo Auteri<\/b>, vice capogruppo di Fratelli d&#8217;Italia all&#8217;Assemblea Regionale Siciliana lo ha spinto verso l&#8217;autosospensione dal partito ma non dal gruppo parlamentare.<\/span><\/p>\n<div><span style=\"font-family: arial;\">&#8220;A seguito della vicenda che mi ha coinvolto, dichiara Auteri, ho deciso di autosospendermi dal partito di Fratelli d\u2019Italia per tutelare il buon nome della mia comunit\u00e0 e della politica che rappresento. Voglio che sia fatta piena chiarezza su ogni aspetto delle accuse che mi sono state rivolte, e lo far\u00f2 carte alla mano, con la massima trasparenza e serenit\u00e0\u201d.<\/span><\/div>\n<div><span style=\"font-family: arial;\"><br \/><\/span><\/div>\n<p><span style=\"font-family: arial;\">\u00c8 l\u2019ultima puntata della vicenda che riguarda contributi pari a&nbsp;750 mila euro in tutto&nbsp;( secondo quanto ricostruito da Piazzapulita nella puntata andata in onda su La7 gioved\u00ec 7 novembre)&nbsp; per due associazioni culturali e una Srl riconducibili al meloniano. In un caso addirittura il contributo sarebbe andato all\u2019associazione Progetto Teatrando, con sede a Sortino, nel Siracusano, nell\u2019abitazione di sua madre. \u201cMi sento vittima di una situazione strumentalizzata\u201d, ha detto Auteri durante un intervento alla trasmissione \u201cIl Punto\u201d andata in onda su Antenna Sicilia. Il deputato di Fratelli d&#8217;Italia ha anche spiegato che \u201cdettagli e tempistiche sono stati riportati in modo parziale. I fondi di cui si parla risalgono al periodo Covid e sono stati erogati prima che io entrassi all\u2019Ars, il 18 gennaio 2023. Questo fatto, che ritengo cruciale, \u00e8 stato ignorato. Sono quindi determinato a dimostrare la mia integrit\u00e0 e il rispetto della legge che ha sempre guidato il mio operato. Nel frattempo, sospendo ogni mia attivit\u00e0 nel partito, in attesa che la verit\u00e0 venga chiarita in tutte le sedi opportune\u201d.<\/span><\/p>\n","protected":false},"excerpt":{"rendered":"<p>Si sospende da&nbsp;Fratelli d\u2019Italia. La tempesta mediatica&nbsp; che ha coinvolto&nbsp;Carlo Auteri, vice capogruppo di Fratelli d&#8217;Italia all&#8217;Assemblea Regionale Siciliana lo ha spinto verso l&#8217;autosospensione dal partito ma non dal gruppo parlamentare. &#8220;A seguito della vicenda che mi ha coinvolto, dichiara Auteri, ho deciso di autosospendermi dal partito di Fratelli d\u2019Italia per tutelare il buon nome [&hellip;]<\/p>\n","protected":false},"author":2,"featured_media":0,"comment_status":"open","ping_status":"closed","sticky":false,"template":"","format":"standard","meta":{"om_disable_all_campaigns":false,"_monsterinsights_skip_tracking":false,"_monsterinsights_sitenote_active":false,"_monsterinsights_sitenote_note":"","_monsterinsights_sitenote_category":0,"_uf_show_specific_survey":0,"_uf_disable_surveys":false,"footnotes":""},"categories":[33],"tags":[31],"class_list":{"0":"post-332","1":"post","2":"type-post","3":"status-publish","4":"format-standard","6":"category-politica","7":"tag-politica"},"aioseo_notices":[],"_links":{"self":[{"href":"https:\/\/ilsovranista.com\/index.php?rest_route=\/wp\/v2\/posts\/332","targetHints":{"allow":["GET"]}}],"collection":[{"href":"https:\/\/ilsovranista.com\/index.php?rest_route=\/wp\/v2\/posts"}],"about":[{"href":"https:\/\/ilsovranista.com\/index.php?rest_route=\/wp\/v2\/types\/post"}],"author":[{"embeddable":true,"href":"https:\/\/ilsovranista.com\/index.php?rest_route=\/wp\/v2\/users\/2"}],"replies":[{"embeddable":true,"href":"https:\/\/ilsovranista.com\/index.php?rest_route=%2Fwp%2Fv2%2Fcomments&post=332"}],"version-history":[{"count":1,"href":"https:\/\/ilsovranista.com\/index.php?rest_route=\/wp\/v2\/posts\/332\/revisions"}],"predecessor-version":[{"id":361,"href":"https:\/\/ilsovranista.com\/index.php?rest_route=\/wp\/v2\/posts\/332\/revisions\/361"}],"wp:attachment":[{"href":"https:\/\/ilsovranista.com\/index.php?rest_route=%2Fwp%2Fv2%2Fmedia&parent=332"}],"wp:term":[{"taxonomy":"category","embeddable":true,"href":"https:\/\/ilsovranista.com\/index.php?rest_route=%2Fwp%2Fv2%2Fcategories&post=332"},{"taxonomy":"post_tag","embeddable":true,"href":"https:\/\/ilsovranista.com\/index.php?rest_route=%2Fwp%2Fv2%2Ftags&post=332"}],"curies":[{"name":"wp","href":"https:\/\/api.w.org\/{rel}","templated":true}]}}