{"id":3317,"date":"2025-05-18T21:18:57","date_gmt":"2025-05-18T19:18:57","guid":{"rendered":"https:\/\/ilsovranista.com\/?p=3317"},"modified":"2025-05-18T21:18:57","modified_gmt":"2025-05-18T19:18:57","slug":"regionali-marche-baldelli-fdi-ricci-rappresenta-il-passato-che-ha-fallito","status":"publish","type":"post","link":"https:\/\/ilsovranista.com\/?p=3317","title":{"rendered":"Regionali Marche, Baldelli (Fdi): Ricci rappresenta il passato che ha fallito"},"content":{"rendered":"<p>\u201cNel 2018, grazie ai governi regionali del suo partito, le Marche sono state retrocesse a \u201cregione in transizione\u201d. Un\u2019etichetta che ci ha umiliati in Europa e che ha certificato anni di declino targato centrosinistra. Ora a qualche mese dalle elezioni Ricci si sveglia parlando di manifattura, innovazione, aree interne, disabilit\u00e0, salute mentale. Tutto insieme, tutto adesso. Sembra un disco rotto impazzito\u201d.<\/p>\n<p>Lo dichiara <strong>Antonio Baldelli<\/strong>, deputato di<strong> Fratelli d\u2019Italia<\/strong> precisando:\u00a0 \u201cdopo anni di tagli alla sanit\u00e0, arretratezza infrastrutturale e promesse mancate a targa Pd, \u00e8 grottesco che venga a spiegarci come si rilancia la Regione che lui stesso ha contribuito ad affondare. La verit\u00e0 \u00e8 una sola: Ricci rappresenta il passato che ha fallito. Le Marche hanno bisogno di futuro\u201d<\/p>\n","protected":false},"excerpt":{"rendered":"<p>\u201cNel 2018, grazie ai governi regionali del suo partito, le Marche sono state retrocesse a \u201cregione in transizione\u201d. Un\u2019etichetta che ci ha umiliati in Europa e che ha certificato anni di declino targato centrosinistra. Ora a qualche mese dalle elezioni Ricci si sveglia parlando di manifattura, innovazione, aree interne, disabilit\u00e0, salute mentale. Tutto insieme, tutto [&hellip;]<\/p>\n","protected":false},"author":3,"featured_media":3318,"comment_status":"open","ping_status":"closed","sticky":false,"template":"","format":"standard","meta":{"om_disable_all_campaigns":false,"_monsterinsights_skip_tracking":false,"_monsterinsights_sitenote_active":false,"_monsterinsights_sitenote_note":"","_monsterinsights_sitenote_category":0,"_uf_show_specific_survey":0,"_uf_disable_surveys":false,"footnotes":""},"categories":[36],"tags":[],"class_list":{"0":"post-3317","1":"post","2":"type-post","3":"status-publish","4":"format-standard","5":"has-post-thumbnail","7":"category-prima-i-territori"},"aioseo_notices":[],"_links":{"self":[{"href":"https:\/\/ilsovranista.com\/index.php?rest_route=\/wp\/v2\/posts\/3317","targetHints":{"allow":["GET"]}}],"collection":[{"href":"https:\/\/ilsovranista.com\/index.php?rest_route=\/wp\/v2\/posts"}],"about":[{"href":"https:\/\/ilsovranista.com\/index.php?rest_route=\/wp\/v2\/types\/post"}],"author":[{"embeddable":true,"href":"https:\/\/ilsovranista.com\/index.php?rest_route=\/wp\/v2\/users\/3"}],"replies":[{"embeddable":true,"href":"https:\/\/ilsovranista.com\/index.php?rest_route=%2Fwp%2Fv2%2Fcomments&post=3317"}],"version-history":[{"count":1,"href":"https:\/\/ilsovranista.com\/index.php?rest_route=\/wp\/v2\/posts\/3317\/revisions"}],"predecessor-version":[{"id":3319,"href":"https:\/\/ilsovranista.com\/index.php?rest_route=\/wp\/v2\/posts\/3317\/revisions\/3319"}],"wp:featuredmedia":[{"embeddable":true,"href":"https:\/\/ilsovranista.com\/index.php?rest_route=\/wp\/v2\/media\/3318"}],"wp:attachment":[{"href":"https:\/\/ilsovranista.com\/index.php?rest_route=%2Fwp%2Fv2%2Fmedia&parent=3317"}],"wp:term":[{"taxonomy":"category","embeddable":true,"href":"https:\/\/ilsovranista.com\/index.php?rest_route=%2Fwp%2Fv2%2Fcategories&post=3317"},{"taxonomy":"post_tag","embeddable":true,"href":"https:\/\/ilsovranista.com\/index.php?rest_route=%2Fwp%2Fv2%2Ftags&post=3317"}],"curies":[{"name":"wp","href":"https:\/\/api.w.org\/{rel}","templated":true}]}}