{"id":3311,"date":"2025-05-18T20:45:43","date_gmt":"2025-05-18T18:45:43","guid":{"rendered":"https:\/\/ilsovranista.com\/?p=3311"},"modified":"2025-05-18T20:45:43","modified_gmt":"2025-05-18T18:45:43","slug":"crisi-in-friuli-venezia-giulia-assessori-della-lega-rimettono-deleghe","status":"publish","type":"post","link":"https:\/\/ilsovranista.com\/?p=3311","title":{"rendered":"Crisi in Friuli Venezia Giulia, assessori della Lega rimettono deleghe"},"content":{"rendered":"<p>\u00c8 crisi alla Regione del Friuli Venezia Giulia. &#8220;Abbiamo rimesso tutte le nostre deleghe nelle mani del Presidente, confermandogli piena fiducia e affinch\u00e9 possa decidere con la massima serenit\u00e0 il da farsi&#8221;. Ad annunciarlo \u00e8 il segretario della Lega del Friuli Venezia Giulia Marco Dreosto in una nota al termine di un vertice di maggioranza tra i segretari regionali delle forze politiche. Dreosto ha precisato che Fedriga &#8220;ha comunicato l&#8217;intenzione di confrontarsi con il Segretario Nazionale di Fratelli d&#8217;Italia prima di assumere ulteriori decisioni&#8221;. Per i leghisti le parole del ministro Ciriani sui presunti ritardi nell&#8217;apertura di un ospedale a Pordenone hanno &#8220;di fatto aperto un&#8217;irresponsabile crisi di maggioranza&#8221;.<\/p>\n<p>Oltre agli assessori leghisti anche quelli della lista Fedriga presidente e di Forza Italia hanno rimesso oggi le deleghe nelle mani del presidente della Regione al termine del vertice di maggioranza, esprimendo &#8220;fiducia assoluta&#8221; nei confronti dello stesso Fedriga. Questi ha annunciato che non prender\u00e0 decisioni &#8220;fino a marted\u00ec, ma non potranno non esserci conseguenze&#8221; dopo le dichiarazioni rilasciate dal ministro Luca Ciriani in cui criticava i ritardi nella sanit\u00e0 regionale. Marted\u00ec, infatti, il governatore dovrebbe incontrare il Primo ministro Giorgia Meloni a Venezia, in occasione dell&#8217;evento della Conferenza delle Regioni.<\/p>\n","protected":false},"excerpt":{"rendered":"<p>\u00c8 crisi alla Regione del Friuli Venezia Giulia. &#8220;Abbiamo rimesso tutte le nostre deleghe nelle mani del Presidente, confermandogli piena fiducia e affinch\u00e9 possa decidere con la massima serenit\u00e0 il da farsi&#8221;. Ad annunciarlo \u00e8 il segretario della Lega del Friuli Venezia Giulia Marco Dreosto in una nota al termine di un vertice di maggioranza [&hellip;]<\/p>\n","protected":false},"author":3,"featured_media":3312,"comment_status":"open","ping_status":"closed","sticky":false,"template":"","format":"standard","meta":{"om_disable_all_campaigns":false,"_monsterinsights_skip_tracking":false,"_monsterinsights_sitenote_active":false,"_monsterinsights_sitenote_note":"","_monsterinsights_sitenote_category":0,"_uf_show_specific_survey":0,"_uf_disable_surveys":false,"footnotes":""},"categories":[36],"tags":[],"class_list":{"0":"post-3311","1":"post","2":"type-post","3":"status-publish","4":"format-standard","5":"has-post-thumbnail","7":"category-prima-i-territori"},"aioseo_notices":[],"_links":{"self":[{"href":"https:\/\/ilsovranista.com\/index.php?rest_route=\/wp\/v2\/posts\/3311","targetHints":{"allow":["GET"]}}],"collection":[{"href":"https:\/\/ilsovranista.com\/index.php?rest_route=\/wp\/v2\/posts"}],"about":[{"href":"https:\/\/ilsovranista.com\/index.php?rest_route=\/wp\/v2\/types\/post"}],"author":[{"embeddable":true,"href":"https:\/\/ilsovranista.com\/index.php?rest_route=\/wp\/v2\/users\/3"}],"replies":[{"embeddable":true,"href":"https:\/\/ilsovranista.com\/index.php?rest_route=%2Fwp%2Fv2%2Fcomments&post=3311"}],"version-history":[{"count":1,"href":"https:\/\/ilsovranista.com\/index.php?rest_route=\/wp\/v2\/posts\/3311\/revisions"}],"predecessor-version":[{"id":3313,"href":"https:\/\/ilsovranista.com\/index.php?rest_route=\/wp\/v2\/posts\/3311\/revisions\/3313"}],"wp:featuredmedia":[{"embeddable":true,"href":"https:\/\/ilsovranista.com\/index.php?rest_route=\/wp\/v2\/media\/3312"}],"wp:attachment":[{"href":"https:\/\/ilsovranista.com\/index.php?rest_route=%2Fwp%2Fv2%2Fmedia&parent=3311"}],"wp:term":[{"taxonomy":"category","embeddable":true,"href":"https:\/\/ilsovranista.com\/index.php?rest_route=%2Fwp%2Fv2%2Fcategories&post=3311"},{"taxonomy":"post_tag","embeddable":true,"href":"https:\/\/ilsovranista.com\/index.php?rest_route=%2Fwp%2Fv2%2Ftags&post=3311"}],"curies":[{"name":"wp","href":"https:\/\/api.w.org\/{rel}","templated":true}]}}