{"id":3295,"date":"2025-05-17T20:01:24","date_gmt":"2025-05-17T18:01:24","guid":{"rendered":"https:\/\/ilsovranista.com\/?p=3295"},"modified":"2025-05-17T20:01:24","modified_gmt":"2025-05-17T18:01:24","slug":"stefani-regionali-la-lega-vuole-il-presidente-verona-merita-un-cambio-alla-guida","status":"publish","type":"post","link":"https:\/\/ilsovranista.com\/?p=3295","title":{"rendered":"Stefani: &#8220;regionali, la Lega vuole il presidente. Verona merita un cambio alla guida&#8221;"},"content":{"rendered":"<p>di Enrico Giardini<\/p>\n<p>Fonte l&#8217;Arena di Verona<\/p>\n<p>Elezioni regionali: continuit\u00e0 in Veneto con la Lega \u00abnel segno di 15 anni di grande amministrazione con il presidente Zaia e la sua squadra\u00bb.<strong>\u00a0Alberto Stefani, 32 anni, padovano,<\/strong>\u00a0deputato e segretario della Liga Veneta, \u00e8 stato confermato\u00a0<strong>vicesegretario federale<\/strong>, dal leader Matteo Salvini. \u00abMi occuper\u00f2 di tesseramento e aspetti organizzativi e cercher\u00f2 ancora di dare sempre il massimo\u00bb.<\/p>\n<div class=\"OUTBRAIN\" data-widget-id=\"AR_2\" data-src=\"https:\/\/www.larena.it\/territorio-veronese\/citta\/alberto-stefani-regionali-lega-verona-cambio-guida-1.12682296\"><\/div>\n<p><strong>Onorevole Stefani, un altro vicefederale \u00e8 il generale Vannacci. Leghisti veneti non l\u2019avrebbero presa bene. Lei?<\/strong><br \/>\nCaratteristica dei veneti \u00e8 lavorare tanto e polemizzare poco. Quindi per noi conta portare a casa risultati.<\/p>\n<p><strong>Quali?<\/strong><br \/>\nIl ministro Calderoli sta portando a casa il disegno di legge sui Lep, i Livelli essenziali delle prestazioni, verso l\u2019autonomia regionale. In Consiglio dei ministri \u00e8 stata depositato il ddl delega per la riforma del federalismo fiscale, che dovremmo approvare entro il primo trimestre 2026. Io guardo a questo. Se Vannacci rispetter\u00e0 le idee della Lega, \u00e8 il benvenuto.<\/p>\n<p><strong>Regionali: la Lega come si muover\u00e0?<\/strong><br \/>\nRestando vicina ai cittadini. Dal weekend 31 maggio-1 giugno con oltre duecento gazebo in Veneto riparte la campagna di ascolto sui temi. Ci saranno anche i nostri amministratori locali e rappresentanti istituzionali.<\/p>\n<p><strong>Che cosa vi chiede il Veneto?<\/strong><br \/>\nForte continuit\u00e0 dell\u2019amministrazione regionale. E anticipare sfide dei prossimi venti-trent\u2019anni.<\/p>\n<p><strong>Tipo?<\/strong><br \/>\nQuella sociale e sociosanitaria, per una popolazione sempre pi\u00f9 anziana e sola. Poi i giovani: meritano politiche in grado di creare un Veneto sempre pi\u00f9 attrattivo. Poi servono pi\u00f9 asili nido. La politica deve adeguarsi alla societ\u00e0 che cambia.<\/p>\n<p><strong>Per Salvini in Veneto \u201csquadra che vince non si cambia\u201d. Quindi la Lega vuole ancora la candidatura a presidente?<\/strong><br \/>\nIl Veneto per la Lega \u00e8 una ragione di esistere. Chiaro che i militanti vogliano un candidato leghista, anche in continuit\u00e0 con Zaia.<\/p>\n<p><strong>Questo a prescindere dagli ultimi risultati elettorali che danno Fratelli d\u2019Italia anche in Veneto di gran lunga primo partito?<\/strong><br \/>\n\u00c8 un tema sul tavolo nazionale. Dopo di che in Veneto la Lega ha dimostrato di saper vincere quasi tutte le elezioni amministrative, anche alleandosi con civiche locali.<\/p>\n<p><strong>Il nome che circola di pi\u00f9, della Lega, per la candidatura a presidente, \u00e8 il suo, Stefani.<\/strong><br \/>\nIo faccio il segretario della Lega. Di candidati spendibili ce ne sono tanti e i leader sceglieranno il migliore.<\/p>\n<p><strong>Verona era sempre considerata periferia dell\u2019impero. Peraltro ha poi avuto la vicepresidente regionale Elisa De Berti, leghista. Verona \u00e8 sottostimata?<\/strong><br \/>\nIntanto Verona ha l\u2019orgoglio di esprimere il presidente della Camera, Lorenzo Fontana, storico militante leghista e mio grande amico. \u00c8 una citt\u00e0 straordinaria, a cui sono legato molto per questioni familiari, visto che ci abita mia sorella. Ma la politica di Verona deve cambiare.<\/p>\n<p><strong>Cio\u00e8?<\/strong><br \/>\nLa citt\u00e0 di Verona merita un cambio di amministrazione, soprattutto sul fronte della sicurezza. Quindi, per le amministrative 2027, lavoreremo con il centrodestra per trovare un candidato sindaco forte e la migliore squadra possibile, per vincere al primo turno e far tornare Verona protagonista.<\/p>\n<p><strong>\u00c8 possibile che ci sia ancora una Lista Zaia, alle regionali?<\/strong><br \/>\nPer noi leghisti la Lista Zaia \u00e8 un valore aggiunto, che portiamo in dote, come consenso territoriale di quindici anni di grandissima amministrazione del presidente e della sua squadra.<\/p>\n","protected":false},"excerpt":{"rendered":"<p>di Enrico Giardini Fonte l&#8217;Arena di Verona Elezioni regionali: continuit\u00e0 in Veneto con la Lega \u00abnel segno di 15 anni di grande amministrazione con il presidente Zaia e la sua squadra\u00bb.\u00a0Alberto Stefani, 32 anni, padovano,\u00a0deputato e segretario della Liga Veneta, \u00e8 stato confermato\u00a0vicesegretario federale, dal leader Matteo Salvini. \u00abMi occuper\u00f2 di tesseramento e aspetti organizzativi [&hellip;]<\/p>\n","protected":false},"author":3,"featured_media":3296,"comment_status":"open","ping_status":"closed","sticky":false,"template":"","format":"standard","meta":{"om_disable_all_campaigns":false,"_monsterinsights_skip_tracking":false,"_monsterinsights_sitenote_active":false,"_monsterinsights_sitenote_note":"","_monsterinsights_sitenote_category":0,"_uf_show_specific_survey":0,"_uf_disable_surveys":false,"footnotes":""},"categories":[36],"tags":[],"class_list":{"0":"post-3295","1":"post","2":"type-post","3":"status-publish","4":"format-standard","5":"has-post-thumbnail","7":"category-prima-i-territori"},"aioseo_notices":[],"_links":{"self":[{"href":"https:\/\/ilsovranista.com\/index.php?rest_route=\/wp\/v2\/posts\/3295","targetHints":{"allow":["GET"]}}],"collection":[{"href":"https:\/\/ilsovranista.com\/index.php?rest_route=\/wp\/v2\/posts"}],"about":[{"href":"https:\/\/ilsovranista.com\/index.php?rest_route=\/wp\/v2\/types\/post"}],"author":[{"embeddable":true,"href":"https:\/\/ilsovranista.com\/index.php?rest_route=\/wp\/v2\/users\/3"}],"replies":[{"embeddable":true,"href":"https:\/\/ilsovranista.com\/index.php?rest_route=%2Fwp%2Fv2%2Fcomments&post=3295"}],"version-history":[{"count":1,"href":"https:\/\/ilsovranista.com\/index.php?rest_route=\/wp\/v2\/posts\/3295\/revisions"}],"predecessor-version":[{"id":3297,"href":"https:\/\/ilsovranista.com\/index.php?rest_route=\/wp\/v2\/posts\/3295\/revisions\/3297"}],"wp:featuredmedia":[{"embeddable":true,"href":"https:\/\/ilsovranista.com\/index.php?rest_route=\/wp\/v2\/media\/3296"}],"wp:attachment":[{"href":"https:\/\/ilsovranista.com\/index.php?rest_route=%2Fwp%2Fv2%2Fmedia&parent=3295"}],"wp:term":[{"taxonomy":"category","embeddable":true,"href":"https:\/\/ilsovranista.com\/index.php?rest_route=%2Fwp%2Fv2%2Fcategories&post=3295"},{"taxonomy":"post_tag","embeddable":true,"href":"https:\/\/ilsovranista.com\/index.php?rest_route=%2Fwp%2Fv2%2Ftags&post=3295"}],"curies":[{"name":"wp","href":"https:\/\/api.w.org\/{rel}","templated":true}]}}