{"id":328,"date":"2024-11-11T20:46:00","date_gmt":"2024-11-11T19:46:00","guid":{"rendered":""},"modified":"2024-11-12T14:40:13","modified_gmt":"2024-11-12T13:40:13","slug":"scontri-di-bologna-salvini-gli-unici","status":"publish","type":"post","link":"https:\/\/ilsovranista.com\/?p=328","title":{"rendered":"Scontri di Bologna, Salvini: gli unici fascisti rimasti sono quelli dei centri sociali"},"content":{"rendered":"<div>\n<div class=\"separator\" style=\"clear: both; text-align: center;\"><a href=\"https:\/\/blogger.googleusercontent.com\/img\/b\/R29vZ2xl\/AVvXsEgyT_LnlusFjBloNgoMDqY7lS9abkxfCL5TiN15gcssr_pIMJZv1jjGMvWVXgy4NwWjKw5CcJ3X-nM2jAoSzm0PRKJIlOMi9b49I2kv_Uh19vrS9z1useaDYJgak_eAH06W6fxB9po174aZzIqzy_oUZsWIxogLFmm03v9bxkIcvwDS4Y2TDNH92t6ZWY3e\/s1200\/salvino%202.jpg\" imageanchor=\"1\" style=\"clear: left; float: left; margin-bottom: 1em; margin-right: 1em;\"><img fetchpriority=\"high\" decoding=\"async\" border=\"0\" data-original-height=\"737\" data-original-width=\"1200\" height=\"197\" src=\"https:\/\/prova.ilsovranista.com\/wp-content\/uploads\/2024\/11\/salvino202.jpg\" class=\"wp-image-329\" width=\"320\" \/><\/a><\/div>\n<p><span style=\"font-family: arial;\"><br \/><\/span><\/div>\n<p><span style=\"font-family: arial;\"><\/p>\n<div><span style=\"font-family: arial;\"><br \/><\/span><\/div>\n<p> &#8220;Prima di venire qui sono andato in Questura a incontrare i ragazzi della Mobile assaltati da 300 criminali rossi, si \u00e8 aperto il dibattito, tra zecche e zanzare, ma a me non interessa. Il ragazzo che comandava questa squadra \u00e8 un ragazzo con tre figlie della stessa et\u00e0 di chi lo ha aggredito&#8221;. Lo ha detto il leader della Lega <b>Matteo Salvini<\/b>, intervenendo a Bologna alla manifestazione promossa dal centrodestra a sostegno della candidata governatrice per l&#8217;Emilia Romagna Elena Ugolini.<\/span><\/p>\n<div><span style=\"font-family: arial;\">&nbsp;&#8220;Gli unici fascisti rimasti, conclude Salvini, sono quelli dei centri sociali, che hanno la camicia nera sotto quella rossa, altro che 300 camicie nere mandate dal governo a Bologna&#8221;<\/span><\/div>\n","protected":false},"excerpt":{"rendered":"<p>&#8220;Prima di venire qui sono andato in Questura a incontrare i ragazzi della Mobile assaltati da 300 criminali rossi, si \u00e8 aperto il dibattito, tra zecche e zanzare, ma a me non interessa. Il ragazzo che comandava questa squadra \u00e8 un ragazzo con tre figlie della stessa et\u00e0 di chi lo ha aggredito&#8221;. Lo ha [&hellip;]<\/p>\n","protected":false},"author":2,"featured_media":329,"comment_status":"open","ping_status":"closed","sticky":false,"template":"","format":"standard","meta":{"om_disable_all_campaigns":false,"_monsterinsights_skip_tracking":false,"_monsterinsights_sitenote_active":false,"_monsterinsights_sitenote_note":"","_monsterinsights_sitenote_category":0,"_uf_show_specific_survey":0,"_uf_disable_surveys":false,"footnotes":""},"categories":[33],"tags":[31],"class_list":{"0":"post-328","1":"post","2":"type-post","3":"status-publish","4":"format-standard","5":"has-post-thumbnail","7":"category-politica","8":"tag-politica"},"aioseo_notices":[],"_links":{"self":[{"href":"https:\/\/ilsovranista.com\/index.php?rest_route=\/wp\/v2\/posts\/328","targetHints":{"allow":["GET"]}}],"collection":[{"href":"https:\/\/ilsovranista.com\/index.php?rest_route=\/wp\/v2\/posts"}],"about":[{"href":"https:\/\/ilsovranista.com\/index.php?rest_route=\/wp\/v2\/types\/post"}],"author":[{"embeddable":true,"href":"https:\/\/ilsovranista.com\/index.php?rest_route=\/wp\/v2\/users\/2"}],"replies":[{"embeddable":true,"href":"https:\/\/ilsovranista.com\/index.php?rest_route=%2Fwp%2Fv2%2Fcomments&post=328"}],"version-history":[{"count":1,"href":"https:\/\/ilsovranista.com\/index.php?rest_route=\/wp\/v2\/posts\/328\/revisions"}],"predecessor-version":[{"id":358,"href":"https:\/\/ilsovranista.com\/index.php?rest_route=\/wp\/v2\/posts\/328\/revisions\/358"}],"wp:featuredmedia":[{"embeddable":true,"href":"https:\/\/ilsovranista.com\/index.php?rest_route=\/wp\/v2\/media\/329"}],"wp:attachment":[{"href":"https:\/\/ilsovranista.com\/index.php?rest_route=%2Fwp%2Fv2%2Fmedia&parent=328"}],"wp:term":[{"taxonomy":"category","embeddable":true,"href":"https:\/\/ilsovranista.com\/index.php?rest_route=%2Fwp%2Fv2%2Fcategories&post=328"},{"taxonomy":"post_tag","embeddable":true,"href":"https:\/\/ilsovranista.com\/index.php?rest_route=%2Fwp%2Fv2%2Ftags&post=328"}],"curies":[{"name":"wp","href":"https:\/\/api.w.org\/{rel}","templated":true}]}}