{"id":3265,"date":"2025-05-16T18:57:01","date_gmt":"2025-05-16T16:57:01","guid":{"rendered":"https:\/\/ilsovranista.com\/?p=3265"},"modified":"2025-05-16T18:57:01","modified_gmt":"2025-05-16T16:57:01","slug":"auteri-lascia-fratelli-ditalia-a-siracusa-gestione-personale-del-partito","status":"publish","type":"post","link":"https:\/\/ilsovranista.com\/?p=3265","title":{"rendered":"Auteri lascia Fratelli d\u2019Italia: \u201ca Siracusa gestione personale del partito\u201d"},"content":{"rendered":"<p>&nbsp;<\/p>\n<p><strong>Carlo Auteri, <\/strong>deputato regionale siciliano<strong> eletto nel 2022 <\/strong>nel collegio di Siracusa<strong>, lascia Fratelli d&#8217;Italia , <\/strong>\u201cuna scelta \u2013 dice \u2013 che arriva dopo una lunga e sofferta riflessione, ma che oggi considero necessaria per coerenza e rispetto soprattutto verso me stesso. Non si pu\u00f2 far politica se ci si ritrova in un clima privo di inclusione, senza quella solidariet\u00e0 che dovrebbe essere il fondamento di una comunit\u00e0 di intenti. Qui, in provincia, il partito \u00e8 stato trasformato in uno strumento di gestione personale, in cui il confronto si \u00e8 ridotto a mere dinamiche di potere\u201d.<\/p>\n<p><strong>\u201c<\/strong>Non mi riconosco pi\u00f9 in un sistema fatto di faide, silenzi imposti e scelte calate dall\u2019alto<strong>.\u00a0<\/strong>Faccio politica \u2013 precisa Auteri, \u2013 per servire i cittadini, non per partecipare a giochi di palazzo o subire imposizioni. A chi ritiene di poter trattare gli altri come yes man o camerieri, auguro buon proseguimento. Io vado avanti, libero e sereno\u201d.<\/p>\n<p>Il deputato precisa di restare grato a <strong>Giorgia Meloni<\/strong> e a <strong>Manlio Messina<\/strong> per \u201cl\u2019opportunit\u00e0 che mi \u00e8 stata data, ma le nostre strade si dividono\u201d. Ha atteso l\u2019esito della Commissione di garanzia del partito, \u201ccerto di aver agito sempre nel pieno rispetto delle regole e dell\u2019etica\u201d.<\/p>\n<p><strong>\u201cNon cerco vendette, non coltivo rancori \u2013 conclude -.\u00a0<\/strong>Esco con la dignit\u00e0 di chi ha servito il proprio territorio con impegno e risultati concreti. Continuer\u00f2 il mio lavoro da deputato regionale, con lo stesso spirito di servizio che mi ha sempre contraddistinto\u201d.<\/p>\n<p><strong>Auteri e<\/strong>ra stato coinvolto in un caso di contributi erogati dalla Regione Siciliana ad associazioni culturali, denunciato alla fine dello scorso anno dal deputato regionale <strong>Ismaele La Vardera.<\/strong><\/p>\n<div id=\"livesicilia-dsk_mup_Intext_300x250_btf-1\" class=\"sour-intext\" data-google-query-id=\"CJ-yqoe6qI0DFQY5VQgdwrc0OQ\"><\/div>\n","protected":false},"excerpt":{"rendered":"<p>&nbsp; Carlo Auteri, deputato regionale siciliano eletto nel 2022 nel collegio di Siracusa, lascia Fratelli d&#8217;Italia , \u201cuna scelta \u2013 dice \u2013 che arriva dopo una lunga e sofferta riflessione, ma che oggi considero necessaria per coerenza e rispetto soprattutto verso me stesso. Non si pu\u00f2 far politica se ci si ritrova in un clima [&hellip;]<\/p>\n","protected":false},"author":3,"featured_media":3266,"comment_status":"open","ping_status":"closed","sticky":false,"template":"","format":"standard","meta":{"om_disable_all_campaigns":false,"_monsterinsights_skip_tracking":false,"_monsterinsights_sitenote_active":false,"_monsterinsights_sitenote_note":"","_monsterinsights_sitenote_category":0,"_uf_show_specific_survey":0,"_uf_disable_surveys":false,"footnotes":""},"categories":[36],"tags":[],"class_list":{"0":"post-3265","1":"post","2":"type-post","3":"status-publish","4":"format-standard","5":"has-post-thumbnail","7":"category-prima-i-territori"},"aioseo_notices":[],"_links":{"self":[{"href":"https:\/\/ilsovranista.com\/index.php?rest_route=\/wp\/v2\/posts\/3265","targetHints":{"allow":["GET"]}}],"collection":[{"href":"https:\/\/ilsovranista.com\/index.php?rest_route=\/wp\/v2\/posts"}],"about":[{"href":"https:\/\/ilsovranista.com\/index.php?rest_route=\/wp\/v2\/types\/post"}],"author":[{"embeddable":true,"href":"https:\/\/ilsovranista.com\/index.php?rest_route=\/wp\/v2\/users\/3"}],"replies":[{"embeddable":true,"href":"https:\/\/ilsovranista.com\/index.php?rest_route=%2Fwp%2Fv2%2Fcomments&post=3265"}],"version-history":[{"count":1,"href":"https:\/\/ilsovranista.com\/index.php?rest_route=\/wp\/v2\/posts\/3265\/revisions"}],"predecessor-version":[{"id":3267,"href":"https:\/\/ilsovranista.com\/index.php?rest_route=\/wp\/v2\/posts\/3265\/revisions\/3267"}],"wp:featuredmedia":[{"embeddable":true,"href":"https:\/\/ilsovranista.com\/index.php?rest_route=\/wp\/v2\/media\/3266"}],"wp:attachment":[{"href":"https:\/\/ilsovranista.com\/index.php?rest_route=%2Fwp%2Fv2%2Fmedia&parent=3265"}],"wp:term":[{"taxonomy":"category","embeddable":true,"href":"https:\/\/ilsovranista.com\/index.php?rest_route=%2Fwp%2Fv2%2Fcategories&post=3265"},{"taxonomy":"post_tag","embeddable":true,"href":"https:\/\/ilsovranista.com\/index.php?rest_route=%2Fwp%2Fv2%2Ftags&post=3265"}],"curies":[{"name":"wp","href":"https:\/\/api.w.org\/{rel}","templated":true}]}}