{"id":326,"date":"2024-11-11T20:53:00","date_gmt":"2024-11-11T19:53:00","guid":{"rendered":""},"modified":"2024-11-12T14:40:03","modified_gmt":"2024-11-12T13:40:03","slug":"futuro-di-fratelli-ditalia-iannone-in","status":"publish","type":"post","link":"https:\/\/ilsovranista.com\/?p=326","title":{"rendered":"Futuro di Fratelli d&#8217;Italia, Iannone: in Campania crescono circoli e numero di iscritti"},"content":{"rendered":"<div>\n<div class=\"separator\" style=\"clear: both; text-align: center;\"><a href=\"https:\/\/blogger.googleusercontent.com\/img\/b\/R29vZ2xl\/AVvXsEjXutXdsjKWRxiazji90eNK8k4btoC5EunC2Gl36Twv39JeHTbRn8OgBs-cyMnErMcQOPjQMs3vIN-TdwVFysiLLOECkr32oQCTMRURFh1uigiNaHfmubOmrS0ZVp3DB1yzGDctEIMN3cSFJ6mAd4m_2l5wkWq7koM_q9DA6M9bVZ7XrZTrr-35c8QzvXaH\/s300\/antonio%20iannone%20fdi.jpg\" imageanchor=\"1\" style=\"clear: left; float: left; margin-bottom: 1em; margin-right: 1em;\"><img fetchpriority=\"high\" decoding=\"async\" border=\"0\" data-original-height=\"216\" data-original-width=\"300\" height=\"216\" src=\"https:\/\/prova.ilsovranista.com\/wp-content\/uploads\/2024\/11\/antonio20iannone20fdi.jpg\" class=\"wp-image-327\" width=\"300\" \/><\/a><\/div>\n<p><span style=\"font-family: arial;\"><br \/><\/span><\/div>\n<p><span style=\"font-family: arial;\"><\/p>\n<div><span style=\"font-family: arial;\"><br \/><\/span><\/div>\n<p>&#8220;Al 30 ottobre, termine di scadenza del tesseramento utile per partecipare ai congressi comunali del Partito, si segna in regione Campania una crescita delle adesioni e del numero dei circoli. Siamo giunti a 21 mila iscritti con il 25% in pi\u00f9 di circoli rispetto ai dati dello stesso periodo del 2023. Essendo che il tesseramento 2024 rester\u00e0 comunque aperto fino al 31 Dicembre 2024 \u00e8 presumibile che saranno superati, a quella data, i 22 mila iscritti segnati in regione Campania nel 2023&#8221;. <br \/>Lo dichiara il senatore <b>Antonio Iannone<\/b>, Commissario Regionale del Partito in Campania precisando: \u00e8 una tendenza molto positiva se si considera che lo scorso anno fu nettamente record di adesioni e furono gi\u00e0 celebrati i congressi provinciali. E&#8217; evidente che il partito ha aumentato ulteriormente il suo radicamento sul territorio e ne sono testimonianza il numero dei circoli nei comuni della regione e l&#8217;aumento degli eletti tra consiglieri regionali, provinciali, amministratori comunali. Con i risultati del Governo Meloni e le positive ricadute sui territori campani siamo pronti a guidare il centrodestra verso lo sfratto di De Luca, del PD e dei diversamente PD dalla Regione Campania\u201d.<br \/><\/span><\/p>\n<div>\n<p style=\"box-sizing: inherit;\"><span style=\"font-family: arial;\">&nbsp;<\/span><\/p>\n<p><br style=\"box-sizing: inherit; font-family: &quot;Sans Grotesk&quot;, system-ui, Arial, &quot;Helvetica Neue&quot;, Helvetica, sans-serif;\" \/><br style=\"box-sizing: inherit; font-family: &quot;Sans Grotesk&quot;, system-ui, Arial, &quot;Helvetica Neue&quot;, Helvetica, sans-serif;\" \/><\/div>\n","protected":false},"excerpt":{"rendered":"<p>&#8220;Al 30 ottobre, termine di scadenza del tesseramento utile per partecipare ai congressi comunali del Partito, si segna in regione Campania una crescita delle adesioni e del numero dei circoli. Siamo giunti a 21 mila iscritti con il 25% in pi\u00f9 di circoli rispetto ai dati dello stesso periodo del 2023. Essendo che il tesseramento [&hellip;]<\/p>\n","protected":false},"author":2,"featured_media":327,"comment_status":"open","ping_status":"closed","sticky":false,"template":"","format":"standard","meta":{"om_disable_all_campaigns":false,"_monsterinsights_skip_tracking":false,"_monsterinsights_sitenote_active":false,"_monsterinsights_sitenote_note":"","_monsterinsights_sitenote_category":0,"_uf_show_specific_survey":0,"_uf_disable_surveys":false,"footnotes":""},"categories":[33],"tags":[31],"class_list":{"0":"post-326","1":"post","2":"type-post","3":"status-publish","4":"format-standard","5":"has-post-thumbnail","7":"category-politica","8":"tag-politica"},"aioseo_notices":[],"_links":{"self":[{"href":"https:\/\/ilsovranista.com\/index.php?rest_route=\/wp\/v2\/posts\/326","targetHints":{"allow":["GET"]}}],"collection":[{"href":"https:\/\/ilsovranista.com\/index.php?rest_route=\/wp\/v2\/posts"}],"about":[{"href":"https:\/\/ilsovranista.com\/index.php?rest_route=\/wp\/v2\/types\/post"}],"author":[{"embeddable":true,"href":"https:\/\/ilsovranista.com\/index.php?rest_route=\/wp\/v2\/users\/2"}],"replies":[{"embeddable":true,"href":"https:\/\/ilsovranista.com\/index.php?rest_route=%2Fwp%2Fv2%2Fcomments&post=326"}],"version-history":[{"count":1,"href":"https:\/\/ilsovranista.com\/index.php?rest_route=\/wp\/v2\/posts\/326\/revisions"}],"predecessor-version":[{"id":357,"href":"https:\/\/ilsovranista.com\/index.php?rest_route=\/wp\/v2\/posts\/326\/revisions\/357"}],"wp:featuredmedia":[{"embeddable":true,"href":"https:\/\/ilsovranista.com\/index.php?rest_route=\/wp\/v2\/media\/327"}],"wp:attachment":[{"href":"https:\/\/ilsovranista.com\/index.php?rest_route=%2Fwp%2Fv2%2Fmedia&parent=326"}],"wp:term":[{"taxonomy":"category","embeddable":true,"href":"https:\/\/ilsovranista.com\/index.php?rest_route=%2Fwp%2Fv2%2Fcategories&post=326"},{"taxonomy":"post_tag","embeddable":true,"href":"https:\/\/ilsovranista.com\/index.php?rest_route=%2Fwp%2Fv2%2Ftags&post=326"}],"curies":[{"name":"wp","href":"https:\/\/api.w.org\/{rel}","templated":true}]}}