{"id":3213,"date":"2025-05-11T18:07:16","date_gmt":"2025-05-11T16:07:16","guid":{"rendered":"https:\/\/ilsovranista.com\/?p=3213"},"modified":"2025-05-11T18:20:27","modified_gmt":"2025-05-11T16:20:27","slug":"bologna-dalla-lega-a-noi-moderati-lultimo-approdo-del-consigliere-venturi","status":"publish","type":"post","link":"https:\/\/ilsovranista.com\/?p=3213","title":{"rendered":"Bologna, dalla Lega a Noi Moderati: l&#8217;ultimo approdo del consigliere Venturi"},"content":{"rendered":"<p><strong>Giulio Venturi<\/strong> aderisce a Noi moderati la quarta gamba moderata e centrista dell&#8217;attuale coalizione di governo\u00a0 Il consigliere comunale lascia cos\u00ec la <strong>Lega<\/strong> e presenter\u00e0 la nuova adesione luned\u00ec 19 maggio a Palazzo d\u2019Accursio. Presenti il presidente <strong>Maurizio Lupi<\/strong>, il vice <strong>Pino Galati<\/strong> e il responsabile organizzativo <strong>Alessandro Colucci<\/strong>.<\/p>\n<p>&#8220;Per Noi Moderati si apre un nuovo capitolo e una nuova fase costituente a Bologna dichiara Venturi, con la mia adesione, il partito del presidente Lupi entra ufficialmente nelle istituzioni cittadine con la volont\u00e0 di allargare il campo a tutti coloro che in diversa maniera non si riconoscono nella politica dei proclami e delle false promesse.<\/p>\n<p>L\u2019aspetto che per\u00f2 pi\u00f9 di tutti mi ha spinto a entrare in questo partito e ad aderire al progetto, conclude Venturi \u00e8 stato il modo di far politica di una classe dirigente costituita da persone estremamente preparate e di buon senso, che utilizzano la forza delle proposte piuttosto che il clamore nel breve termine&#8221;.<\/p>\n","protected":false},"excerpt":{"rendered":"<p>Giulio Venturi aderisce a Noi moderati la quarta gamba moderata e centrista dell&#8217;attuale coalizione di governo\u00a0 Il consigliere comunale lascia cos\u00ec la Lega e presenter\u00e0 la nuova adesione luned\u00ec 19 maggio a Palazzo d\u2019Accursio. Presenti il presidente Maurizio Lupi, il vice Pino Galati e il responsabile organizzativo Alessandro Colucci. &#8220;Per Noi Moderati si apre un [&hellip;]<\/p>\n","protected":false},"author":3,"featured_media":3214,"comment_status":"open","ping_status":"closed","sticky":false,"template":"","format":"standard","meta":{"om_disable_all_campaigns":false,"_monsterinsights_skip_tracking":false,"_monsterinsights_sitenote_active":false,"_monsterinsights_sitenote_note":"","_monsterinsights_sitenote_category":0,"_uf_show_specific_survey":0,"_uf_disable_surveys":false,"footnotes":""},"categories":[36],"tags":[],"class_list":{"0":"post-3213","1":"post","2":"type-post","3":"status-publish","4":"format-standard","5":"has-post-thumbnail","7":"category-prima-i-territori"},"aioseo_notices":[],"_links":{"self":[{"href":"https:\/\/ilsovranista.com\/index.php?rest_route=\/wp\/v2\/posts\/3213","targetHints":{"allow":["GET"]}}],"collection":[{"href":"https:\/\/ilsovranista.com\/index.php?rest_route=\/wp\/v2\/posts"}],"about":[{"href":"https:\/\/ilsovranista.com\/index.php?rest_route=\/wp\/v2\/types\/post"}],"author":[{"embeddable":true,"href":"https:\/\/ilsovranista.com\/index.php?rest_route=\/wp\/v2\/users\/3"}],"replies":[{"embeddable":true,"href":"https:\/\/ilsovranista.com\/index.php?rest_route=%2Fwp%2Fv2%2Fcomments&post=3213"}],"version-history":[{"count":1,"href":"https:\/\/ilsovranista.com\/index.php?rest_route=\/wp\/v2\/posts\/3213\/revisions"}],"predecessor-version":[{"id":3215,"href":"https:\/\/ilsovranista.com\/index.php?rest_route=\/wp\/v2\/posts\/3213\/revisions\/3215"}],"wp:featuredmedia":[{"embeddable":true,"href":"https:\/\/ilsovranista.com\/index.php?rest_route=\/wp\/v2\/media\/3214"}],"wp:attachment":[{"href":"https:\/\/ilsovranista.com\/index.php?rest_route=%2Fwp%2Fv2%2Fmedia&parent=3213"}],"wp:term":[{"taxonomy":"category","embeddable":true,"href":"https:\/\/ilsovranista.com\/index.php?rest_route=%2Fwp%2Fv2%2Fcategories&post=3213"},{"taxonomy":"post_tag","embeddable":true,"href":"https:\/\/ilsovranista.com\/index.php?rest_route=%2Fwp%2Fv2%2Ftags&post=3213"}],"curies":[{"name":"wp","href":"https:\/\/api.w.org\/{rel}","templated":true}]}}